{"id":143136,"date":"2022-03-15T08:20:55","date_gmt":"2022-03-15T12:20:55","guid":{"rendered":"https:\/\/linitiative.ca\/International\/immersion-en-video-dans-la-15eme-conference-de-lenergie\/"},"modified":"2022-03-15T08:20:55","modified_gmt":"2022-03-15T12:20:55","slug":"immersion-en-video-dans-la-15eme-conference-de-lenergie","status":"publish","type":"post","link":"https:\/\/linitiative.ca\/International\/immersion-en-video-dans-la-15eme-conference-de-lenergie\/","title":{"rendered":"Immersion en vid\u00e9o dans la 15\u00e8me conf\u00e9rence de l\u2019\u00e9nergie"},"content":{"rendered":"<div>\n<p><img loading=\"lazy\" decoding=\"async\" width=\"300\" height=\"153\" src=\"https:\/\/linitiative.ca\/International\/wp-content\/uploads\/sites\/23\/2022\/03\/ConfeCC81rence-de-leCC81nergie-300x153-1.jpg\" class=\"attachment-medium size-medium wp-post-image\" alt=\"\" srcset=\"https:\/\/linitiative.ca\/International\/wp-content\/uploads\/sites\/23\/2022\/03\/ConfeCC81rence-de-leCC81nergie-300x153-1.jpg 300w, https:\/\/aujourdhui.ma\/wp-content\/uploads\/2022\/03\/Confe\u0301rence-de-le\u0301nergie-274x140.jpg 274w, https:\/\/aujourdhui.ma\/wp-content\/uploads\/2022\/03\/Confe\u0301rence-de-le\u0301nergie.jpg 746w, https:\/\/aujourdhui.ma\/wp-content\/uploads\/2022\/03\/Confe\u0301rence-de-le\u0301nergie-165x84.jpg 165w, https:\/\/aujourdhui.ma\/wp-content\/uploads\/2022\/03\/Confe\u0301rence-de-le\u0301nergie-702x358.jpg 702w\" sizes=\"auto, (max-width: 300px) 100vw, 300px\"><\/p>\n<p><span style=\"font-size: 20px; color: #800000;\"><strong>La 15\u00e8me conf\u00e9rence de l\u2019\u00e9nergie, qui s\u2019est d\u00e9roul\u00e9e lundi 14 mars \u00e0 Rabat, s\u2019est ouverte par les allocutions de la ministre de la transition \u00e9nerg\u00e9tique et du d\u00e9veloppement durable, Leila Benali, du Sultan Ahmed Al Jaber, ministre de l\u2019industrie et des technologies avanc\u00e9es des \u00c9mirats Arabes Unis dont le pays est invit\u00e9 d\u2019honneur de cet \u00e9v\u00e9nement.<\/strong> <\/span><br \/>\n<span id=\"more-402449\"><\/span><\/p>\n<p>Cette manifestation a \u00e9t\u00e9 inaugur\u00e9e par Rachid Idrissi Kaitouni, pr\u00e9sident de la F\u00e9d\u00e9ration de l\u2019\u00e9nergie, qui en est l\u2019initiatrice sous haut patronage royal. Dans cette vid\u00e9o, il s\u2019exprime sur l\u2019importance de la transition \u00e9nerg\u00e9tique vu notamment la conjoncture actuelle des combustibles de par le monde.<\/p>\n<p>D\u2019o\u00f9 l\u2019int\u00e9r\u00eat de partager, tel qu\u2019il l\u2019indique, avec le pays invit\u00e9, une probl\u00e9matique tr\u00e8s importante en abordant entre autres des \u00e9nergies renouvelables, du gaz naturel, de l\u2019hydrog\u00e8ne et la d\u00e9carbonation de l\u2019industrie. D\u2019autres participants s\u2019expriment \u00e0 leur tour sur le sujet dans la vid\u00e9o.<br \/>\nA d\u00e9couvrir !<\/p>\n<p><span style=\"color: #ff0000;\"><strong>Reportage Chafik Arich<\/strong><\/span><\/p>\n<\/div>\n<p>Auteur: ALM<br \/>\n<a href=\"https:\/\/aujourdhui.ma\/videos\/immersion-en-video-dans-la-15eme-conference-de-lenergie\">Cliquez ici pour lire l&rsquo;article depuis sa source.<\/a><\/p>\n","protected":false},"excerpt":{"rendered":"<p>La 15\u00e8me conf\u00e9rence de l\u2019\u00e9nergie, qui s\u2019est d\u00e9roul\u00e9e lundi 14 mars \u00e0 Rabat, s\u2019est ouverte par les allocutions de la ministre de la transition \u00e9nerg\u00e9tique et du d\u00e9veloppement durable, Leila Benali, du Sultan Ahmed Al Jaber, ministre de l\u2019industrie et des technologies avanc\u00e9es des \u00c9mirats Arabes Unis dont le pays est invit\u00e9 d\u2019honneur de cet [&hellip;]<\/p>\n","protected":false},"author":1759,"featured_media":0,"comment_status":"closed","ping_status":"closed","sticky":false,"template":"","format":"standard","meta":{"fifu_image_url":"https:\/\/aujourdhui.ma\/wp-content\/uploads\/2022\/03\/Confe\u0301rence-de-le\u0301nergie-300x153.jpg","fifu_image_alt":"Immersion en vid\u00e9o dans la 15\u00e8me conf\u00e9rence de l\u2019\u00e9nergie","footnotes":""},"categories":[73,54],"tags":[],"class_list":["post-143136","post","type-post","status-publish","format-standard","hentry","category-actualite","category-maroc"],"_links":{"self":[{"href":"https:\/\/linitiative.ca\/International\/wp-json\/wp\/v2\/posts\/143136","targetHints":{"allow":["GET"]}}],"collection":[{"href":"https:\/\/linitiative.ca\/International\/wp-json\/wp\/v2\/posts"}],"about":[{"href":"https:\/\/linitiative.ca\/International\/wp-json\/wp\/v2\/types\/post"}],"author":[{"embeddable":true,"href":"https:\/\/linitiative.ca\/International\/wp-json\/wp\/v2\/users\/1759"}],"replies":[{"embeddable":true,"href":"https:\/\/linitiative.ca\/International\/wp-json\/wp\/v2\/comments?post=143136"}],"version-history":[{"count":0,"href":"https:\/\/linitiative.ca\/International\/wp-json\/wp\/v2\/posts\/143136\/revisions"}],"wp:attachment":[{"href":"https:\/\/linitiative.ca\/International\/wp-json\/wp\/v2\/media?parent=143136"}],"wp:term":[{"taxonomy":"category","embeddable":true,"href":"https:\/\/linitiative.ca\/International\/wp-json\/wp\/v2\/categories?post=143136"},{"taxonomy":"post_tag","embeddable":true,"href":"https:\/\/linitiative.ca\/International\/wp-json\/wp\/v2\/tags?post=143136"}],"curies":[{"name":"wp","href":"https:\/\/api.w.org\/{rel}","templated":true}]}}