{"id":143140,"date":"2022-03-15T10:02:25","date_gmt":"2022-03-15T14:02:25","guid":{"rendered":"https:\/\/linitiative.ca\/International\/covid-19-la-situation-epidemiologique-au-maroc-est-sous-controle\/"},"modified":"2022-03-15T10:02:25","modified_gmt":"2022-03-15T14:02:25","slug":"covid-19-la-situation-epidemiologique-au-maroc-est-sous-controle","status":"publish","type":"post","link":"https:\/\/linitiative.ca\/International\/covid-19-la-situation-epidemiologique-au-maroc-est-sous-controle\/","title":{"rendered":"Covid-19: La situation \u00e9pid\u00e9miologique au Maroc est \u00ab\u00a0sous contr\u00f4le \u00bb"},"content":{"rendered":"<div>\n<p><img loading=\"lazy\" decoding=\"async\" width=\"300\" height=\"153\" src=\"https:\/\/linitiative.ca\/International\/wp-content\/uploads\/sites\/23\/2022\/03\/Mouad-Mrabet-1-300x153-1.jpg\" class=\"attachment-medium size-medium wp-post-image\" alt=\"\" srcset=\"https:\/\/linitiative.ca\/International\/wp-content\/uploads\/sites\/23\/2022\/03\/Mouad-Mrabet-1-300x153-1.jpg 300w, https:\/\/aujourdhui.ma\/wp-content\/uploads\/2022\/03\/Mouad-Mrabet-1-274x140.jpg 274w, https:\/\/aujourdhui.ma\/wp-content\/uploads\/2022\/03\/Mouad-Mrabet-1.jpg 746w, https:\/\/aujourdhui.ma\/wp-content\/uploads\/2022\/03\/Mouad-Mrabet-1-165x84.jpg 165w, https:\/\/aujourdhui.ma\/wp-content\/uploads\/2022\/03\/Mouad-Mrabet-1-702x358.jpg 702w\" sizes=\"auto, (max-width: 300px) 100vw, 300px\"><\/p>\n<p><span style=\"font-size: 20px; color: #800000;\"><strong>Le minist\u00e8re de la Sant\u00e9 et de la Protection sociale a soulign\u00e9, mardi, la n\u00e9cessit\u00e9 du maintenir de la stabilit\u00e9 de la situation \u00e9pid\u00e9miologique au Maroc qui demeure \u00ab\u00a0\u00a0\u00bbsous contr\u00f4le\u00a0\u00bb sur l\u2019ensemble du territoire national, \u00e0 la lumi\u00e8re d\u2019une augmentation hebdomadaire des infections au Covid-19 au plan mondial pour la premi\u00e8re fois depuis cinq semaines.<\/strong><\/span><span id=\"more-402482\"><\/span><\/p>\n<p>\u00ab\u00a0La propagation du nouveau coronavirus demeure faible dans toutes les r\u00e9gions du Royaume, o\u00f9 une baisse consid\u00e9rable des infections a \u00e9t\u00e9 enregistr\u00e9e pour la septi\u00e8me semaine cons\u00e9cutive\u00a0\u00bb, a-t-on affirm\u00e9 dans le bilan bimensuel de la situation \u00e9pid\u00e9mique (28 f\u00e9vrier\/14 mars 2022), pr\u00e9sent\u00e9 par le coordonnateur du Centre national des op\u00e9rations d\u2019urgence de sant\u00e9 publique, Mouad Mrabet.<\/p>\n<p>Au total 450 nouveaux cas ont \u00e9t\u00e9 enregistr\u00e9s la semaine derni\u00e8re, soit une baisse de 40% par rapport \u00e0 la semaine d\u2019avant, a indiqu\u00e9 le m\u00eame responsable, notant que la d\u00e9crue rapide des contaminations a \u00e9t\u00e9 accompagn\u00e9e d\u2019un net recul du taux de positivit\u00e9 des tests, qui s\u2019est \u00e9tabli \u00e0 0,8%, soit le taux le plus faible depuis le d\u00e9but de la circulation communautaire du virus au Maroc.<\/p>\n<p>Tout en relevant l\u2019enregistrement d\u2019un indice de reproduction \u00e0 moins de 1 depuis 52 jours, M. Mrabet a fait \u00e9tat d\u2019une baisse consid\u00e9rable du nombre de cas graves dans les services de r\u00e9animation pour la sixi\u00e8me semaine cons\u00e9cutive, avec 63 malades la semaine derni\u00e8re, tandis que 83 autres ont quitt\u00e9 suite \u00e0 l\u2019am\u00e9lioration de leur \u00e9tat.<\/p>\n<p>Les d\u00e9c\u00e8s ont, eux aussi, continu\u00e9 \u00e0 conna\u00eetre une baisse significative, avec 22 cas au cours de la derni\u00e8re semaine, soit une baisse de 44% par rapport \u00e0 la semaine d\u2019avant, a-t-on poursuivi.<\/p>\n<p>Pour ce qui est de la campagne nationale de vaccination, le taux des personnes ayant pris la premi\u00e8re dose a atteint 67,5%, contre 63,4% pour celles ayant re\u00e7u la deuxi\u00e8me dose, alors que 16,3% ont re\u00e7u la dose booster, selon le minist\u00e8re de la Sant\u00e9 et de la Protection sociale.<\/p>\n<p>M. Mrabet a r\u00e9it\u00e9r\u00e9 l\u2019appel du minist\u00e8re de la sant\u00e9 et de la Protection sociale \u00e0 l\u2019ensemble des citoyens \u00e0 poursuivre l\u2019adh\u00e9sion rapide et massive \u00e0 la campagne nationale de vaccination en recevant les trois doses du vaccin.<\/p>\n<p>\u00a0<\/p>\n<\/div>\n<p>Auteur: ALM<br \/>\n<a href=\"https:\/\/aujourdhui.ma\/societe\/covid-19-la-situation-epidemiologique-au-maroc-est-sous-controle\">Cliquez ici pour lire l&rsquo;article depuis sa source.<\/a><\/p>\n","protected":false},"excerpt":{"rendered":"<p>Le minist\u00e8re de la Sant\u00e9 et de la Protection sociale a soulign\u00e9, mardi, la n\u00e9cessit\u00e9 du maintenir de la stabilit\u00e9 de la situation \u00e9pid\u00e9miologique au Maroc qui demeure \u00ab\u00a0\u00a0\u00bbsous contr\u00f4le\u00a0\u00bb sur l\u2019ensemble du territoire national, \u00e0 la lumi\u00e8re d\u2019une augmentation hebdomadaire des infections au Covid-19 au plan mondial pour la premi\u00e8re fois depuis cinq semaines. [&hellip;]<\/p>\n","protected":false},"author":1759,"featured_media":0,"comment_status":"closed","ping_status":"closed","sticky":false,"template":"","format":"standard","meta":{"fifu_image_url":"https:\/\/aujourdhui.ma\/wp-content\/uploads\/2022\/03\/Mouad-Mrabet-1-300x153.jpg","fifu_image_alt":"Covid-19: La situation \u00e9pid\u00e9miologique au Maroc est \u00ab\u00a0sous contr\u00f4le \u00bb","footnotes":""},"categories":[73,54],"tags":[],"class_list":["post-143140","post","type-post","status-publish","format-standard","hentry","category-actualite","category-maroc"],"_links":{"self":[{"href":"https:\/\/linitiative.ca\/International\/wp-json\/wp\/v2\/posts\/143140","targetHints":{"allow":["GET"]}}],"collection":[{"href":"https:\/\/linitiative.ca\/International\/wp-json\/wp\/v2\/posts"}],"about":[{"href":"https:\/\/linitiative.ca\/International\/wp-json\/wp\/v2\/types\/post"}],"author":[{"embeddable":true,"href":"https:\/\/linitiative.ca\/International\/wp-json\/wp\/v2\/users\/1759"}],"replies":[{"embeddable":true,"href":"https:\/\/linitiative.ca\/International\/wp-json\/wp\/v2\/comments?post=143140"}],"version-history":[{"count":0,"href":"https:\/\/linitiative.ca\/International\/wp-json\/wp\/v2\/posts\/143140\/revisions"}],"wp:attachment":[{"href":"https:\/\/linitiative.ca\/International\/wp-json\/wp\/v2\/media?parent=143140"}],"wp:term":[{"taxonomy":"category","embeddable":true,"href":"https:\/\/linitiative.ca\/International\/wp-json\/wp\/v2\/categories?post=143140"},{"taxonomy":"post_tag","embeddable":true,"href":"https:\/\/linitiative.ca\/International\/wp-json\/wp\/v2\/tags?post=143140"}],"curies":[{"name":"wp","href":"https:\/\/api.w.org\/{rel}","templated":true}]}}