{"id":143151,"date":"2022-03-14T14:00:00","date_gmt":"2022-03-14T18:00:00","guid":{"rendered":"https:\/\/linitiative.ca\/International\/lassemblee-annuelle-de-la-berd-temoigne-de-la-resilience-du-maroc\/"},"modified":"2022-03-14T14:00:00","modified_gmt":"2022-03-14T18:00:00","slug":"lassemblee-annuelle-de-la-berd-temoigne-de-la-resilience-du-maroc","status":"publish","type":"post","link":"https:\/\/linitiative.ca\/International\/lassemblee-annuelle-de-la-berd-temoigne-de-la-resilience-du-maroc\/","title":{"rendered":"L\u2019assembl\u00e9e annuelle de la BERD t\u00e9moigne de la r\u00e9silience du Maroc"},"content":{"rendered":"<div>\n<p class=\"has-text-align-center has-vivid-red-color has-text-color\"><strong>Pr\u00e9vue du 10 au 12 mai 2022 \u00e0 Marrakech<\/strong><\/p>\n<p class=\"has-black-color has-text-color\"><strong>La 31\u00e8 session de l\u2019Assembl\u00e9e annuelle de la Banque Europ\u00e9enne pour la Reconstruction et le D\u00e9veloppement (BERD) aura lieu du 10 au 12 mai 2022 \u00e0 Marrakech.<br \/>Lors d\u2019une rencontre tenue, lundi \u00e0 Rabat, la ministre de l\u2019Economie et des Finances, Nadia Fettah Alaoui, et le Secr\u00e9taire G\u00e9n\u00e9ral de la BERD, Kazuhiko Koguchi, ont proc\u00e9d\u00e9 \u00e0 la signature du M\u00e9morandum d\u2019entente (MoU) relatif \u00e0 l\u2019organisation de l\u2019\u00e9dition 2022 de l\u2019assembl\u00e9e annuelle de la Banque \u00e0 Marrakech.<\/strong><\/p>\n<p class=\"has-black-color has-text-color\">A cette occasion, Mme Fettah s\u2019est r\u00e9jouie de la tenue, \u00e0 Marrakech de cette 31\u00e8me session de l\u2019assembl\u00e9e annuelle de la Banque qui d\u00e9montre, une fois encore, a-t-elle dit, \u00ab\u00a0la confiance dont jouit le Maroc aupr\u00e8s de ses partenaires internationaux, notamment dans sa capacit\u00e9 \u00e0 accueillir et \u00e0 organiser les \u00e9v\u00e9nements d\u2019envergure internationale\u00a0\u00bb.<br \/>Dans ce cadre, la ministre s\u2019est f\u00e9licit\u00e9e de l\u2019avancement des pr\u00e9paratifs et de la qualit\u00e9 de collaboration entre l\u2019\u00e9quipe du minist\u00e8re et celle de la Banque, rassurant de la mobilisation de tous les moyens n\u00e9cessaires pour la r\u00e9ussite de cette manifestation, qui sera l\u2019un des premiers \u00e9v\u00e8nements institutionnels internationaux, organis\u00e9s au Maroc apr\u00e8s la crise pand\u00e9mique.<\/p>\n<p class=\"has-black-color has-text-color\">La ministre a, en outre, mis en relief l\u2019importance pour le Maroc d\u2019accueillir l\u2019ensemble des gouverneurs de la BERD et l\u2019ensemble des participants \u00e0 ce rendez-vous.<br \/>Mettant en avant la qualit\u00e9 des relations entre le Maroc et la BERD et l\u2019accompagnement apport\u00e9 par la Banque depuis 2012 aux efforts de d\u00e9veloppement \u00e9conomique du Royaume, la ministre a indiqu\u00e9 que cet \u00e9v\u00e9nement constitue un moment pour faire le point sur l\u2019activit\u00e9 de la banque et plus sp\u00e9cifiquement sur les partenariats entre la BERD et le Maroc, ainsi que sur les belles r\u00e9alisations sur les 10 derni\u00e8res ann\u00e9es, notamment en mati\u00e8re d\u2019accompagnement du secteur priv\u00e9.<\/p>\n<p class=\"has-black-color has-text-color\">Aussi, Mme Fettah Alaoui a soulign\u00e9 la disponibilit\u00e9 du gouvernement marocain \u00e0 poursuivre les efforts pour faire \u00e9voluer davantage la coop\u00e9ration avec la Banque.<br \/>Pour sa part, M. Koguchi a indiqu\u00e9 que l\u2019assembl\u00e9e annuelle de la BERD est une occasion pour d\u00e9montrer l\u2019engagement de la Banque envers les pays dans lesquels elle op\u00e8re et de d\u00e9battre des moyens de renforcer leurs \u00e9conomies, en particulier apr\u00e8s deux ann\u00e9es de pand\u00e9mie et la crise internationale actuelle.<br \/>La tenue de l\u2019\u00e9v\u00e9nement de la BERD au Maroc, a-t-il pr\u00e9cis\u00e9, t\u00e9moigne de \u00ab\u00a0la r\u00e9silience de ce pays et permettra de mettre en avant son attractivit\u00e9 en tant que p\u00f4le d\u2019affaires et destination touristique de premier ordre\u00a0\u00bb.<br \/>L\u2019assembl\u00e9e annuelle de la BERD est une manifestation organis\u00e9e annuellement dans un des 38 pays dans lesquels la Banque investit, et \u00e0 laquelle assistent des d\u00e9l\u00e9gations officielles conduites par les ministres charg\u00e9s de l\u2019Economie et des Finances, des personnalit\u00e9s du monde des affaires et de la finance internationale et des repr\u00e9sentants de la soci\u00e9t\u00e9 civile.<\/p>\n<p>L\u2019article <a rel=\"nofollow\" href=\"http:\/\/albayane.press.ma\/lassemblee-annuelle-de-la-berd-temoigne-de-la-resilience-du-maroc.html\">L\u2019assembl\u00e9e annuelle de la BERD t\u00e9moigne de la r\u00e9silience du Maroc<\/a> est apparu en premier sur <a rel=\"nofollow\" href=\"http:\/\/albayane.press.ma\/\">ALBAYANE<\/a>.<\/p>\n<\/div>\n<p>Auteur: M&rsquo;hammed rahal<br \/>\n<a href=\"http:\/\/albayane.press.ma\/lassemblee-annuelle-de-la-berd-temoigne-de-la-resilience-du-maroc.html\">Cliquez ici pour lire l&rsquo;article depuis sa source.<\/a><\/p>\n","protected":false},"excerpt":{"rendered":"<p>Pr\u00e9vue du 10 au 12 mai 2022 \u00e0 Marrakech La 31\u00e8 session de l\u2019Assembl\u00e9e annuelle de la Banque Europ\u00e9enne pour la Reconstruction et le D\u00e9veloppement (BERD) aura lieu du 10 au 12 mai 2022 \u00e0 Marrakech.Lors d\u2019une rencontre tenue, lundi \u00e0 Rabat, la ministre de l\u2019Economie et des Finances, Nadia Fettah Alaoui, et le Secr\u00e9taire [&hellip;]<\/p>\n","protected":false},"author":1760,"featured_media":0,"comment_status":"closed","ping_status":"closed","sticky":false,"template":"","format":"standard","meta":{"fifu_image_url":"","fifu_image_alt":"","footnotes":""},"categories":[73,54],"tags":[],"class_list":["post-143151","post","type-post","status-publish","format-standard","hentry","category-actualite","category-maroc"],"_links":{"self":[{"href":"https:\/\/linitiative.ca\/International\/wp-json\/wp\/v2\/posts\/143151","targetHints":{"allow":["GET"]}}],"collection":[{"href":"https:\/\/linitiative.ca\/International\/wp-json\/wp\/v2\/posts"}],"about":[{"href":"https:\/\/linitiative.ca\/International\/wp-json\/wp\/v2\/types\/post"}],"author":[{"embeddable":true,"href":"https:\/\/linitiative.ca\/International\/wp-json\/wp\/v2\/users\/1760"}],"replies":[{"embeddable":true,"href":"https:\/\/linitiative.ca\/International\/wp-json\/wp\/v2\/comments?post=143151"}],"version-history":[{"count":0,"href":"https:\/\/linitiative.ca\/International\/wp-json\/wp\/v2\/posts\/143151\/revisions"}],"wp:attachment":[{"href":"https:\/\/linitiative.ca\/International\/wp-json\/wp\/v2\/media?parent=143151"}],"wp:term":[{"taxonomy":"category","embeddable":true,"href":"https:\/\/linitiative.ca\/International\/wp-json\/wp\/v2\/categories?post=143151"},{"taxonomy":"post_tag","embeddable":true,"href":"https:\/\/linitiative.ca\/International\/wp-json\/wp\/v2\/tags?post=143151"}],"curies":[{"name":"wp","href":"https:\/\/api.w.org\/{rel}","templated":true}]}}