{"id":143152,"date":"2022-03-14T14:00:00","date_gmt":"2022-03-14T18:00:00","guid":{"rendered":"https:\/\/linitiative.ca\/International\/des-victimes-du-polisario-interpellent-lonu-sur-les-graves-exactions-commises\/"},"modified":"2022-03-14T14:00:00","modified_gmt":"2022-03-14T18:00:00","slug":"des-victimes-du-polisario-interpellent-lonu-sur-les-graves-exactions-commises","status":"publish","type":"post","link":"https:\/\/linitiative.ca\/International\/des-victimes-du-polisario-interpellent-lonu-sur-les-graves-exactions-commises\/","title":{"rendered":"Des victimes du polisario interpellent l\u2019ONU sur les graves exactions commises"},"content":{"rendered":"<div>\n<p class=\"has-text-align-center has-vivid-red-color has-text-color\"><strong>Les camps de Tindouf devant le CDH \u00e0 Gen\u00e8ve<\/strong><\/p>\n<p class=\"has-black-color has-text-color\"><strong>Des militants des droits de l\u2019homme et victimes des violations commises par le polisario ont interpell\u00e9 le Conseil des droits de l\u2019homme (CDH) de l\u2019ONU sur les disparitions forc\u00e9es et les exactions perp\u00e9tr\u00e9es par les milices s\u00e9paratistes dans les camps de Tindouf, en territoire alg\u00e9rien, avec la complicit\u00e9 des autorit\u00e9s de ce pays.<\/strong><\/p>\n<p class=\"has-black-color has-text-color\">Intervenant dans le cadre de la 49\u00e8me session du CDH, ces militants sahraouis ont point\u00e9 notamment la d\u00e9volution par l\u2019Alg\u00e9rie de ses pouvoirs \u00e0 un groupe arm\u00e9 dans les camps de Tindouf, appelant la communaut\u00e9 internationale \u00e0 intervenir pour mettre fin \u00e0 une situation singuli\u00e8re et sans pr\u00e9c\u00e9dent en droit international.<\/p>\n<p class=\"has-black-color has-text-color\">Les orateurs ont livr\u00e9 des t\u00e9moignages poignants sur les exactions horribles et abjectes commises par le polisario avec le soutien des autorit\u00e9s alg\u00e9riennes pour museler les voix dissidentes, fustigeant l\u2019impunit\u00e9 dont jouissent les auteurs de ces crimes dans les camps de Tindouf.<\/p>\n<p class=\"has-black-color has-text-color\">L\u2019ancien prisonnier politique dans les camps de Tindouf, Mohamed Zedan a expliqu\u00e9 avoir \u00e9t\u00e9 arr\u00eat\u00e9 \u00e0 deux reprises par les autorit\u00e9s alg\u00e9riennes et le polisario pour son activit\u00e9 de journaliste et de d\u00e9fenseur des droits de l\u2019homme dans les camps de Tindouf.<\/p>\n<p class=\"has-black-color has-text-color\">Il affirme avoir \u00e9t\u00e9 enlev\u00e9, emprisonn\u00e9 et tortur\u00e9 \u00ab en raison principalement de son travail continu pour d\u00e9noncer la r\u00e9pression violente contre les Sahraouis \u00e0 Tindouf et le d\u00e9tournement de l\u2019aide internationale par les dirigeants du polisario et les autorit\u00e9s alg\u00e9riennes, qui ont transform\u00e9 les camps en une prison ouverte \u00bb.<\/p>\n<p class=\"has-black-color has-text-color\">M. Zedan s\u2019est \u00e9lev\u00e9, dans ce sens, contre l\u2019instrumentalisation du calvaire \u00ab des populations opprim\u00e9es dans les camps de Tindouf dans l\u2019unique but de servir l\u2019agenda alg\u00e9rien \u00bb.<\/p>\n<p class=\"has-black-color has-text-color\">Il a indiqu\u00e9 que, lui et ses camarades dans les camps, \u00e9taient victimes d\u2019actes de repr\u00e9sailles \u00ab pour avoir tent\u00e9 de briser l\u2019omerta impos\u00e9 dans les camps \u00bb. Enlev\u00e9 avec deux de ses coll\u00e8gues, il a \u00e9t\u00e9 tortur\u00e9 dans une prison secr\u00e8te \u00ab pour avoir critiqu\u00e9 la corruption et la dictature des dirigeants du polisario \u00bb, a-t-il dit, d\u00e9non\u00e7ant les graves violations commises par les milices arm\u00e9es s\u00e9paratistes contre les Sahraouis, la torture dans les centres de d\u00e9tention, les disparitions forc\u00e9es et les ex\u00e9cutions extrajudiciaires.<\/p>\n<p class=\"has-black-color has-text-color\">Pour sa part, Mme Lemaadla Mohamed Salem Kouri, une sahraouie ayant r\u00e9ussi \u00e0 fuir le calvaire des camps de Tindouf, que \u00ab le polisario a transform\u00e9, avec le soutien de l\u2019arm\u00e9e alg\u00e9rienne, en une prison \u00e0 ciel ouvert \u00bb, a fustig\u00e9 \u00ab les violations odieuses des droits de l\u2019homme commises \u00e0 l\u2019encontre des personnes \u00e2g\u00e9es, des jeunes, des femmes et des enfants \u00bb dans lesdits camps.<\/p>\n<p class=\"has-black-color has-text-color\">Elle a attir\u00e9 l\u2019attention sur \u00ab les pratiques d\u2019enl\u00e8vement, de disparitions forc\u00e9es, de torture, d\u2019ex\u00e9cutions extrajudiciaires, d\u2019enr\u00f4lement des enfants, de viols de femmes et des pratiques d\u2019esclavagisme, ainsi que le d\u00e9ni de tous leurs droits civils et politiques \u00bb dans les camps de Tindouf.<\/p>\n<p class=\"has-black-color has-text-color\">La militante sahraouie a fait remarquer, de m\u00eame, que l\u2019impunit\u00e9 pr\u00e9valant dans les camps de Tindouf encourage les dirigeants du polisario et les responsables de l\u2019arm\u00e9e alg\u00e9rienne \u00e0 poursuivre leur r\u00e9pression syst\u00e9matique des Sahraouis.<\/p>\n<p class=\"has-black-color has-text-color\">Elle a point\u00e9 la responsabilit\u00e9 de l\u2019\u00c9tat alg\u00e9rien qui \u00ab a d\u00e9cid\u00e9, en violation totale de ses obligations internationales et du droit international, de d\u00e9l\u00e9guer ses pouvoirs r\u00e9galiens \u00e0 un groupe arm\u00e9 pour contr\u00f4ler les camps de Tindouf \u00bb. D\u00e9non\u00e7ant l\u2019\u00e9tat \u00ab de non-droit \u00bb r\u00e9gnant dans les camps de Tindouf, elle a relev\u00e9 que les victimes des exactions sont priv\u00e9es de leur droit de recourir \u00e0 une autorit\u00e9 judiciaire pour l\u2019examen de leurs plaintes.<\/p>\n<p class=\"has-black-color has-text-color\">De m\u00eame, les autorit\u00e9s alg\u00e9riennes refusent d\u2019ouvrir des enqu\u00eates sur les crimes contre l\u2019humanit\u00e9 commis contre les populations de Tindouf, a-t-elle d\u00e9plor\u00e9, rappelant dans ce sens le sort de deux jeunes Sahraouis br\u00fbl\u00e9s vifs par l\u2019arm\u00e9e alg\u00e9rienne pr\u00e8s du camp de Dakhla et la disparition de centaines de Sahraouis dans des centres de d\u00e9tention secrets pr\u00e8s de Tindouf.<\/p>\n<p class=\"has-black-color has-text-color\">Mme Lemaadla Mohamed Salem, dont le p\u00e8re a \u00e9t\u00e9 d\u00e9tenu et tortur\u00e9 \u00e0 mort au sinistre bagne de \u00ab\u00a0Errachid\u00a0\u00bbdans les camps de la honte, a indiqu\u00e9 que son association a \u00e9tabli une longue liste de victimes sahraouies des disparitions forc\u00e9es perp\u00e9tr\u00e9es par les dirigeants du polisario en toute impunit\u00e9 sur le territoire alg\u00e9rien.<\/p>\n<p>L\u2019article <a rel=\"nofollow\" href=\"http:\/\/albayane.press.ma\/des-victimes-du-polisario-interpellent-lonu-sur-les-graves-exactions-commises.html\">Des victimes du polisario interpellent l\u2019ONU sur les graves exactions commises<\/a> est apparu en premier sur <a rel=\"nofollow\" href=\"http:\/\/albayane.press.ma\/\">ALBAYANE<\/a>.<\/p>\n<\/div>\n<p>Auteur: M&rsquo;hammed rahal<br \/>\n<a href=\"http:\/\/albayane.press.ma\/des-victimes-du-polisario-interpellent-lonu-sur-les-graves-exactions-commises.html\">Cliquez ici pour lire l&rsquo;article depuis sa source.<\/a><\/p>\n","protected":false},"excerpt":{"rendered":"<p>Les camps de Tindouf devant le CDH \u00e0 Gen\u00e8ve Des militants des droits de l\u2019homme et victimes des violations commises par le polisario ont interpell\u00e9 le Conseil des droits de l\u2019homme (CDH) de l\u2019ONU sur les disparitions forc\u00e9es et les exactions perp\u00e9tr\u00e9es par les milices s\u00e9paratistes dans les camps de Tindouf, en territoire alg\u00e9rien, avec [&hellip;]<\/p>\n","protected":false},"author":1760,"featured_media":0,"comment_status":"closed","ping_status":"closed","sticky":false,"template":"","format":"standard","meta":{"fifu_image_url":"","fifu_image_alt":"","footnotes":""},"categories":[73,54],"tags":[],"class_list":["post-143152","post","type-post","status-publish","format-standard","hentry","category-actualite","category-maroc"],"_links":{"self":[{"href":"https:\/\/linitiative.ca\/International\/wp-json\/wp\/v2\/posts\/143152","targetHints":{"allow":["GET"]}}],"collection":[{"href":"https:\/\/linitiative.ca\/International\/wp-json\/wp\/v2\/posts"}],"about":[{"href":"https:\/\/linitiative.ca\/International\/wp-json\/wp\/v2\/types\/post"}],"author":[{"embeddable":true,"href":"https:\/\/linitiative.ca\/International\/wp-json\/wp\/v2\/users\/1760"}],"replies":[{"embeddable":true,"href":"https:\/\/linitiative.ca\/International\/wp-json\/wp\/v2\/comments?post=143152"}],"version-history":[{"count":0,"href":"https:\/\/linitiative.ca\/International\/wp-json\/wp\/v2\/posts\/143152\/revisions"}],"wp:attachment":[{"href":"https:\/\/linitiative.ca\/International\/wp-json\/wp\/v2\/media?parent=143152"}],"wp:term":[{"taxonomy":"category","embeddable":true,"href":"https:\/\/linitiative.ca\/International\/wp-json\/wp\/v2\/categories?post=143152"},{"taxonomy":"post_tag","embeddable":true,"href":"https:\/\/linitiative.ca\/International\/wp-json\/wp\/v2\/tags?post=143152"}],"curies":[{"name":"wp","href":"https:\/\/api.w.org\/{rel}","templated":true}]}}