{"id":143153,"date":"2022-03-14T14:00:00","date_gmt":"2022-03-14T18:00:00","guid":{"rendered":"https:\/\/linitiative.ca\/International\/le-rapport-parallele-de-lepu-en-matiere-des-droits-de-la-femme-au-maroc\/"},"modified":"2022-03-14T14:00:00","modified_gmt":"2022-03-14T18:00:00","slug":"le-rapport-parallele-de-lepu-en-matiere-des-droits-de-la-femme-au-maroc","status":"publish","type":"post","link":"https:\/\/linitiative.ca\/International\/le-rapport-parallele-de-lepu-en-matiere-des-droits-de-la-femme-au-maroc\/","title":{"rendered":"Le rapport parall\u00e8le de l\u2019EPU en mati\u00e8re des droits de la Femme au Maroc"},"content":{"rendered":"<div>\n<p class=\"has-text-align-center has-vivid-red-color has-text-color\"><strong>Enseignement<\/strong><\/p>\n<p class=\"has-black-color has-text-color\"><strong>L\u2019\u00e9laboration du rapport parall\u00e8le de l\u2019Examen p\u00e9riodique universel (EPU) dans le domaine des droits de la Femme au Maroc a \u00e9t\u00e9 au menu d\u2019une rencontre tenue, vendredi \u00e0 Rabat, au sein de la Facult\u00e9 des sciences juridiques, \u00e9conomiques et sociales Agdal.<\/strong><\/p>\n<p class=\"has-black-color has-text-color\">Initi\u00e9e \u00e0 l\u2019occasion de la Journ\u00e9e internationale de la Femme par l\u2019Association Jossour Forum des Femmes Marocaines, en partenariat avec la Facult\u00e9 et sa Clinique de droit, la rencontre a \u00e9t\u00e9 l\u2019occasion de passer en revue les avanc\u00e9es r\u00e9alis\u00e9es en mati\u00e8re des droits de la Femme au Maroc, ainsi que des moyens de promouvoir l\u2019\u00e9galit\u00e9 des genres.<br \/>Le vice-doyen de la Facult\u00e9 des sciences juridiques, \u00e9conomiques et sociales Agdal-Rabat, Abdelaziz Laaroussi, a expliqu\u00e9 que cet \u00e9v\u00e9nement vise \u00e0 contribuer \u00e0 l\u2019\u00e9laboration du rapport parall\u00e8le de l\u2019EPU, dans le cadre des pratiques conventionnelles relatives \u00e0 l\u2019\u00e9volution du domaine des droits de la Femme au Maroc et les d\u00e9fis auxquels elle fait face.<br \/>Le rapport parall\u00e8le de l\u2019EPU s\u2019inscrit dans le cadre d\u2019une approche participative et constitue un espace d\u2019interaction et d\u2019\u00e9change d\u2019id\u00e9es et d\u2019exp\u00e9riences, a ajout\u00e9 M. Laaroussi.<\/p>\n<p class=\"has-black-color has-text-color\">De son c\u00f4t\u00e9, la Pr\u00e9sidente de la commission r\u00e9gionale des droits de l\u2019Homme (CRDH) de Rabat-Sal\u00e9-K\u00e9nitra, Houria Tazi, a relev\u00e9 que la question des droits de la Femme figure parmi les pr\u00e9occupations du Conseil national des droits de l\u2019homme (CNDH), notant que la pand\u00e9mie de Covid-19 a accentu\u00e9 les probl\u00e8mes sociaux, notamment ceux li\u00e9s \u00e0 la situation de la femme.<\/p>\n<p class=\"has-black-color has-text-color\">La place de la femme doit \u00eatre \u00e9valu\u00e9e dans le sillage de l\u2019\u00e9volution que conna\u00eet le Maroc, a ajout\u00e9 Mme Tazi, soulignant la n\u00e9cessit\u00e9 d\u2019apporter certains amendements institutionnels, notamment au Code de la famille.<br \/>Pour sa part, la Pr\u00e9sidente de l\u2019Association Jossour a fait savoir que le rapport parall\u00e8le sera pr\u00e9sent\u00e9 le 31 mars en arabe, en fran\u00e7ais et en anglais, notant qu\u2019il \u00e9valuera les indicateurs du d\u00e9veloppement durable relatifs au genre, ainsi que ceux utilis\u00e9s dans les rapports pr\u00e9sent\u00e9s par les gouvernements nationaux, ayant trait aux probl\u00e8mes et d\u00e9fis auxquels font face les femmes et les filles, et sur lesquels les associations de la soci\u00e9t\u00e9 civile travaillent depuis plusieurs ann\u00e9es \u00e0 travers des projets pour la promotion des droits culturels, sociaux, \u00e9conomiques et politiques.<br \/>De son c\u00f4t\u00e9 Amal Idrissi, repr\u00e9sentante du Fonds des Nations Unies pour la population (FNUAP), a not\u00e9 que la question des droits de la Femme rev\u00eat une grande importance pour les jeunes, qu\u2019elle a appel\u00e9s \u00e0 s\u2019impliquer dans la question de l\u2019\u00e9galit\u00e9 des genres.<\/p>\n<p class=\"has-black-color has-text-color\">Ont pris part \u00e0 la rencontre, des jeunes repr\u00e9sentant une trentaine d\u2019ONG actives dans les domaines des droits de l\u2019homme et du d\u00e9veloppement \u00e0 travers les 12 r\u00e9gions du Royaume, ainsi que des doctorants et des \u00e9tudiants en Master.<\/p>\n<p>L\u2019article <a rel=\"nofollow\" href=\"http:\/\/albayane.press.ma\/le-rapport-parallele-de-lepu-en-matiere-des-droits-de-la-femme-au-maroc.html\">Le rapport parall\u00e8le de l\u2019EPU en mati\u00e8re des droits de la Femme au Maroc<\/a> est apparu en premier sur <a rel=\"nofollow\" href=\"http:\/\/albayane.press.ma\/\">ALBAYANE<\/a>.<\/p>\n<\/div>\n<p>Auteur: M&rsquo;hammed rahal<br \/>\n<a href=\"http:\/\/albayane.press.ma\/le-rapport-parallele-de-lepu-en-matiere-des-droits-de-la-femme-au-maroc.html\">Cliquez ici pour lire l&rsquo;article depuis sa source.<\/a><\/p>\n","protected":false},"excerpt":{"rendered":"<p>Enseignement L\u2019\u00e9laboration du rapport parall\u00e8le de l\u2019Examen p\u00e9riodique universel (EPU) dans le domaine des droits de la Femme au Maroc a \u00e9t\u00e9 au menu d\u2019une rencontre tenue, vendredi \u00e0 Rabat, au sein de la Facult\u00e9 des sciences juridiques, \u00e9conomiques et sociales Agdal. Initi\u00e9e \u00e0 l\u2019occasion de la Journ\u00e9e internationale de la Femme par l\u2019Association Jossour [&hellip;]<\/p>\n","protected":false},"author":1760,"featured_media":0,"comment_status":"closed","ping_status":"closed","sticky":false,"template":"","format":"standard","meta":{"fifu_image_url":"","fifu_image_alt":"","footnotes":""},"categories":[73,54],"tags":[],"class_list":["post-143153","post","type-post","status-publish","format-standard","hentry","category-actualite","category-maroc"],"_links":{"self":[{"href":"https:\/\/linitiative.ca\/International\/wp-json\/wp\/v2\/posts\/143153","targetHints":{"allow":["GET"]}}],"collection":[{"href":"https:\/\/linitiative.ca\/International\/wp-json\/wp\/v2\/posts"}],"about":[{"href":"https:\/\/linitiative.ca\/International\/wp-json\/wp\/v2\/types\/post"}],"author":[{"embeddable":true,"href":"https:\/\/linitiative.ca\/International\/wp-json\/wp\/v2\/users\/1760"}],"replies":[{"embeddable":true,"href":"https:\/\/linitiative.ca\/International\/wp-json\/wp\/v2\/comments?post=143153"}],"version-history":[{"count":0,"href":"https:\/\/linitiative.ca\/International\/wp-json\/wp\/v2\/posts\/143153\/revisions"}],"wp:attachment":[{"href":"https:\/\/linitiative.ca\/International\/wp-json\/wp\/v2\/media?parent=143153"}],"wp:term":[{"taxonomy":"category","embeddable":true,"href":"https:\/\/linitiative.ca\/International\/wp-json\/wp\/v2\/categories?post=143153"},{"taxonomy":"post_tag","embeddable":true,"href":"https:\/\/linitiative.ca\/International\/wp-json\/wp\/v2\/tags?post=143153"}],"curies":[{"name":"wp","href":"https:\/\/api.w.org\/{rel}","templated":true}]}}