{"id":143154,"date":"2022-03-14T14:00:00","date_gmt":"2022-03-14T18:00:00","guid":{"rendered":"https:\/\/linitiative.ca\/International\/reguler-et-fortifier-le-marche-interne\/"},"modified":"2022-03-14T14:00:00","modified_gmt":"2022-03-14T18:00:00","slug":"reguler-et-fortifier-le-marche-interne","status":"publish","type":"post","link":"https:\/\/linitiative.ca\/International\/reguler-et-fortifier-le-marche-interne\/","title":{"rendered":"R\u00e9guler et fortifier le march\u00e9 interne !"},"content":{"rendered":"<div>\n<p class=\"has-text-align-left has-black-color has-text-color\"><strong>Les prix des denr\u00e9es alimentaires s\u2019acharnent \u00e0 flamber sur le march\u00e9 interne, sous les affres des bourses de larges couches sociales. Parmi ces hausses on\u00e9reuses, la tomate continue \u00e0 d\u00e9frayer la chronique. On en avait d\u00e9j\u00e0 parl\u00e9 de fa\u00e7on exhaustive sur la m\u00eame rubrique, au d\u00e9clenchement de la crue assassine. Certes, il fallait y rem\u00e9dier par les moyens de bord, afin d\u2019esquiver la grogne massive des populations d\u00e9sh\u00e9rit\u00e9es. Le gouvernement devrait remuer ses m\u00e9ninges pour faire face \u00e0 cette \u00e9preuve laborieuse. Faut-il r\u00e9duire le volume d\u2019export dont la contenance survenait au d\u00e9triment du march\u00e9 interne\u00a0? Selon les professionnels de la fili\u00e8re, la panac\u00e9e semble \u00eatre inappropri\u00e9e au point d\u2019exasp\u00e9rer les producteurs qui, sans doute ont-ils d\u00fb mal \u00e0 dig\u00e9rer cette d\u00e9cision en discordance avec leurs int\u00e9r\u00eats. Ni l\u2019accord de l\u2019Organisation Mondiale de Commerce (OMC) ni l\u2019Accord G\u00e9n\u00e9ral sur les Tarifs Douaniers et le Commerce (GATT) que le royaume avait\u00a0 eu \u00e0 ent\u00e9riner respectivement en janvier 1995 et en juin 1987, ne pouvaient tol\u00e9rer la d\u00e9cision pr\u00e9judiciable. \u00ab\u00a0Si l\u2019Ex\u00e9cutif comptait abaisser la mont\u00e9e explosive de la tomate, il n\u2019avait \u00a0qu\u2019\u00e0 s\u2019en prendre r\u00e9solument aux m\u00e9diateurs \u00a0qui enflamment de fa\u00e7on illicite les tarifs des productions de consommation\u00a0!\u00a0\u00bb, fait savoir un agriculteur-exportateur. La r\u00e8gle de l\u2019offre et la demande \u00e0 laquelle les l\u00e9gumes et fruits sont soumis serait incontournable, de par les dispositions conclues au pr\u00e9alable, d\u2019autant que les produits agricoles seraient, \u00e0 priori en exemption de la subvention \u00e9tatique. Il serait alors judicieux d\u2019honorer l\u2019exigence formelle \u00e0 laquelle se devrait de se conformer la libre transaction commerciale et d\u2019aller chercher le rem\u00e8de escompt\u00e9 bien ailleurs. Il est \u00e9vident que la conjoncture actuelle dont s\u2019\u00e9bat notre pays, en confrontation avec les effets de crise de post pand\u00e9mie et de s\u00e9cheresse continue, met en difficult\u00e9 toute tentative de relance. Il n\u2019en demeure pas moins vrai que la qu\u00eate des solutions idoines est trinitaire de l\u2019audace et de l\u2019imagination des d\u00e9cideurs. Elle passe par des mesures drastiques contre la sp\u00e9culation tout d\u2019abord qui ne cesse de gangrener dans le tissu commercial, aux d\u00e9pens aussi bien les agriculteurs que les consommateurs et dont l\u2019\u00e9conomie nationale en g\u00e9n\u00e9ral\u00a0 se serait fort affect\u00e9e. D\u2019autre part, il serait loisible de se montrer de plus en plus, loyal en termes de consid\u00e9ration de la chose agricole, \u00e0 travers la consolidation et la r\u00e9gulation du march\u00e9 local, tout en s\u2019empechant d\u2019amputer l\u2019export par des d\u00e9cisions drastiques. \u00a0\u00a0\u00a0\u00a0\u00a0\u00a0\u00a0\u00a0\u00a0\u00a0\u00a0\u00a0\u00a0\u00a0\u00a0\u00a0\u00a0\u00a0\u00a0\u00a0\u00a0\u00a0\u00a0\u00a0\u00a0\u00a0\u00a0\u00a0\u00a0<\/strong><\/p>\n<p>L\u2019article <a rel=\"nofollow\" href=\"http:\/\/albayane.press.ma\/reguler-et-fortifier-le-marche-interne.html\">R\u00e9guler et fortifier le march\u00e9 interne !<\/a> est apparu en premier sur <a rel=\"nofollow\" href=\"http:\/\/albayane.press.ma\/\">ALBAYANE<\/a>.<\/p>\n<\/div>\n<p>Auteur: M&rsquo;hammed rahal<br \/>\n<a href=\"http:\/\/albayane.press.ma\/reguler-et-fortifier-le-marche-interne.html\">Cliquez ici pour lire l&rsquo;article depuis sa source.<\/a><\/p>\n","protected":false},"excerpt":{"rendered":"<p>Les prix des denr\u00e9es alimentaires s\u2019acharnent \u00e0 flamber sur le march\u00e9 interne, sous les affres des bourses de larges couches sociales. Parmi ces hausses on\u00e9reuses, la tomate continue \u00e0 d\u00e9frayer la chronique. On en avait d\u00e9j\u00e0 parl\u00e9 de fa\u00e7on exhaustive sur la m\u00eame rubrique, au d\u00e9clenchement de la crue assassine. Certes, il fallait y rem\u00e9dier [&hellip;]<\/p>\n","protected":false},"author":1760,"featured_media":0,"comment_status":"closed","ping_status":"closed","sticky":false,"template":"","format":"standard","meta":{"fifu_image_url":"","fifu_image_alt":"","footnotes":""},"categories":[73,54],"tags":[],"class_list":["post-143154","post","type-post","status-publish","format-standard","hentry","category-actualite","category-maroc"],"_links":{"self":[{"href":"https:\/\/linitiative.ca\/International\/wp-json\/wp\/v2\/posts\/143154","targetHints":{"allow":["GET"]}}],"collection":[{"href":"https:\/\/linitiative.ca\/International\/wp-json\/wp\/v2\/posts"}],"about":[{"href":"https:\/\/linitiative.ca\/International\/wp-json\/wp\/v2\/types\/post"}],"author":[{"embeddable":true,"href":"https:\/\/linitiative.ca\/International\/wp-json\/wp\/v2\/users\/1760"}],"replies":[{"embeddable":true,"href":"https:\/\/linitiative.ca\/International\/wp-json\/wp\/v2\/comments?post=143154"}],"version-history":[{"count":0,"href":"https:\/\/linitiative.ca\/International\/wp-json\/wp\/v2\/posts\/143154\/revisions"}],"wp:attachment":[{"href":"https:\/\/linitiative.ca\/International\/wp-json\/wp\/v2\/media?parent=143154"}],"wp:term":[{"taxonomy":"category","embeddable":true,"href":"https:\/\/linitiative.ca\/International\/wp-json\/wp\/v2\/categories?post=143154"},{"taxonomy":"post_tag","embeddable":true,"href":"https:\/\/linitiative.ca\/International\/wp-json\/wp\/v2\/tags?post=143154"}],"curies":[{"name":"wp","href":"https:\/\/api.w.org\/{rel}","templated":true}]}}