{"id":143155,"date":"2022-03-14T14:00:00","date_gmt":"2022-03-14T18:00:00","guid":{"rendered":"https:\/\/linitiative.ca\/International\/la-fne-annonce-une-greve-generale-les-17-et-18-mars\/"},"modified":"2022-03-14T14:00:00","modified_gmt":"2022-03-14T18:00:00","slug":"la-fne-annonce-une-greve-generale-les-17-et-18-mars","status":"publish","type":"post","link":"https:\/\/linitiative.ca\/International\/la-fne-annonce-une-greve-generale-les-17-et-18-mars\/","title":{"rendered":"La FNE annonce une gr\u00e8ve g\u00e9n\u00e9rale les 17 et 18 mars"},"content":{"rendered":"<div>\n<p class=\"has-text-align-center has-vivid-cyan-blue-color has-text-color\"><strong>Enseignement\u00a0<\/strong><\/p>\n<p class=\"has-black-color has-text-color\"><strong>La F\u00e9d\u00e9ration nationale de l\u2019enseignement (FNE)\u00a0 monte le ton contre le gouvernement en d\u00e9cr\u00e9tant une gr\u00e8ve g\u00e9n\u00e9rale les 17 et 18 mars, apprend-on d\u2019un communiqu\u00e9 rendu public vendredi dernier.\u00a0 Selon la m\u00eame source, cette d\u00e9cision a \u00e9t\u00e9 prise suite aux verdicts prononc\u00e9s jeudi 10 mars contre 45 enseignants contractuels.R\u00e9uni sous le th\u00e8me\u00a0 \u00ab\u00a0 la dignit\u00e9 de l\u2019enseignant est une ligne rouge \u00bb, le Conseil national extraordinaire de la FNE pr\u00e9voit, en outre, l\u2019organisation des sit-in de protestation lors de la deuxi\u00e8me journ\u00e9e de la gr\u00e8ve devant l\u2019ensemble des acad\u00e9mies et directions provinciales et ce \u00e0 partir de 11h00.<\/strong><\/p>\n<p class=\"has-black-color has-text-color\">Tout en appelant \u00e0 l\u2019annulation des sentences et des poursuites judicaires \u00e0 l\u2019encontre des enseignants\u00a0, la FNE a rappel\u00e9 que le secteur de l\u2019enseignement Maroc vit une crise structurelle tout en mettant en garde le gouvernement contre l\u2019instrumentalisation des pr\u00e9textes afin de justifier ses d\u00e9sengagements par rapport aux accords du 16 et 19 mai 2011. Autant dire que les condamnations et les arrestations parmi le corps des enseignants contractuels ont pour but de r\u00e9duire \u00e0 n\u00e9ant les protestations et les actions militantes de la coordination nationale des enseignants contractuels, lit-on en substance dans le communiqu\u00e9.<\/p>\n<p class=\"has-black-color has-text-color\">M\u00eame son de cloche chez l\u2019Union syndicale des fonctionnaires (USF) affili\u00e9e \u00e0 l\u2019Union marocaine du travail (UMT) qui a invit\u00e9 l\u2019Ex\u00e9cutif \u00e0\u00a0 mettre fin \u00e0 toutes les poursuites judiciaires et l\u2019annulation des jugements en les consid\u00e9rant comme une atteinte \u00e0 la libert\u00e9 d\u2019organisation<\/p>\n<p class=\"has-black-color has-text-color\">Tout en exprimant son solidarit\u00e9 inconditionnelle avec le corps des enseignants notamment les actions militantes men\u00e9es par la coordination nationale des enseignants, l\u2019instance syndicale a appel\u00e9 \u00e0 l\u2019int\u00e9gration de cette cat\u00e9gories dans la fonction publique et de garantir leur droit de manifester pacifiquement.<\/p>\n<p class=\"has-black-color has-text-color\">Khalid Darfaf<\/p>\n<p>L\u2019article <a rel=\"nofollow\" href=\"http:\/\/albayane.press.ma\/la-fne-annonce-une-greve-generale-les-17-et-18-mars.html\">La FNE annonce une gr\u00e8ve g\u00e9n\u00e9rale les 17 et 18 mars<\/a> est apparu en premier sur <a rel=\"nofollow\" href=\"http:\/\/albayane.press.ma\/\">ALBAYANE<\/a>.<\/p>\n<\/div>\n<p>Auteur: M&rsquo;hammed rahal<br \/>\n<a href=\"http:\/\/albayane.press.ma\/la-fne-annonce-une-greve-generale-les-17-et-18-mars.html\">Cliquez ici pour lire l&rsquo;article depuis sa source.<\/a><\/p>\n","protected":false},"excerpt":{"rendered":"<p>Enseignement\u00a0 La F\u00e9d\u00e9ration nationale de l\u2019enseignement (FNE)\u00a0 monte le ton contre le gouvernement en d\u00e9cr\u00e9tant une gr\u00e8ve g\u00e9n\u00e9rale les 17 et 18 mars, apprend-on d\u2019un communiqu\u00e9 rendu public vendredi dernier.\u00a0 Selon la m\u00eame source, cette d\u00e9cision a \u00e9t\u00e9 prise suite aux verdicts prononc\u00e9s jeudi 10 mars contre 45 enseignants contractuels.R\u00e9uni sous le th\u00e8me\u00a0 \u00ab\u00a0 la [&hellip;]<\/p>\n","protected":false},"author":1760,"featured_media":0,"comment_status":"closed","ping_status":"closed","sticky":false,"template":"","format":"standard","meta":{"fifu_image_url":"","fifu_image_alt":"","footnotes":""},"categories":[73,54],"tags":[],"class_list":["post-143155","post","type-post","status-publish","format-standard","hentry","category-actualite","category-maroc"],"_links":{"self":[{"href":"https:\/\/linitiative.ca\/International\/wp-json\/wp\/v2\/posts\/143155","targetHints":{"allow":["GET"]}}],"collection":[{"href":"https:\/\/linitiative.ca\/International\/wp-json\/wp\/v2\/posts"}],"about":[{"href":"https:\/\/linitiative.ca\/International\/wp-json\/wp\/v2\/types\/post"}],"author":[{"embeddable":true,"href":"https:\/\/linitiative.ca\/International\/wp-json\/wp\/v2\/users\/1760"}],"replies":[{"embeddable":true,"href":"https:\/\/linitiative.ca\/International\/wp-json\/wp\/v2\/comments?post=143155"}],"version-history":[{"count":0,"href":"https:\/\/linitiative.ca\/International\/wp-json\/wp\/v2\/posts\/143155\/revisions"}],"wp:attachment":[{"href":"https:\/\/linitiative.ca\/International\/wp-json\/wp\/v2\/media?parent=143155"}],"wp:term":[{"taxonomy":"category","embeddable":true,"href":"https:\/\/linitiative.ca\/International\/wp-json\/wp\/v2\/categories?post=143155"},{"taxonomy":"post_tag","embeddable":true,"href":"https:\/\/linitiative.ca\/International\/wp-json\/wp\/v2\/tags?post=143155"}],"curies":[{"name":"wp","href":"https:\/\/api.w.org\/{rel}","templated":true}]}}