{"id":143156,"date":"2022-03-15T09:00:00","date_gmt":"2022-03-15T13:00:00","guid":{"rendered":"https:\/\/linitiative.ca\/International\/air-algerie-perturbations-dans-le-programme-des-vols\/"},"modified":"2022-03-15T09:00:00","modified_gmt":"2022-03-15T13:00:00","slug":"air-algerie-perturbations-dans-le-programme-des-vols","status":"publish","type":"post","link":"https:\/\/linitiative.ca\/International\/air-algerie-perturbations-dans-le-programme-des-vols\/","title":{"rendered":"Air Alg\u00e9rie: perturbations dans le programme des vols"},"content":{"rendered":"<div>La compagnie a\u00e9rienne nationale Air Alg\u00e9rie a annonc\u00e9 mardi des perturbations sur les vols en provenance et \u00e0 destination des a\u00e9roports du Sud et dans les r\u00e9gions Ouest du pays<\/div>\n<p>Auteur:<br \/>\n<a href=\"https:\/\/www.liberte-algerie.com\/actualite\/air-algerie-perturbations-dans-le-programme-des-vols-374917\">Cliquez ici pour lire l&rsquo;article depuis sa source.<\/a><\/p>\n","protected":false},"excerpt":{"rendered":"<p>La compagnie a\u00e9rienne nationale Air Alg\u00e9rie a annonc\u00e9 mardi des perturbations sur les vols en provenance et \u00e0 destination des a\u00e9roports du Sud et dans les r\u00e9gions Ouest du pays Auteur: Cliquez ici pour lire l&rsquo;article depuis sa source.<\/p>\n","protected":false},"author":1742,"featured_media":0,"comment_status":"closed","ping_status":"closed","sticky":false,"template":"","format":"standard","meta":{"fifu_image_url":"","fifu_image_alt":"","footnotes":""},"categories":[73,53],"tags":[],"class_list":["post-143156","post","type-post","status-publish","format-standard","hentry","category-actualite","category-algerie"],"_links":{"self":[{"href":"https:\/\/linitiative.ca\/International\/wp-json\/wp\/v2\/posts\/143156","targetHints":{"allow":["GET"]}}],"collection":[{"href":"https:\/\/linitiative.ca\/International\/wp-json\/wp\/v2\/posts"}],"about":[{"href":"https:\/\/linitiative.ca\/International\/wp-json\/wp\/v2\/types\/post"}],"author":[{"embeddable":true,"href":"https:\/\/linitiative.ca\/International\/wp-json\/wp\/v2\/users\/1742"}],"replies":[{"embeddable":true,"href":"https:\/\/linitiative.ca\/International\/wp-json\/wp\/v2\/comments?post=143156"}],"version-history":[{"count":0,"href":"https:\/\/linitiative.ca\/International\/wp-json\/wp\/v2\/posts\/143156\/revisions"}],"wp:attachment":[{"href":"https:\/\/linitiative.ca\/International\/wp-json\/wp\/v2\/media?parent=143156"}],"wp:term":[{"taxonomy":"category","embeddable":true,"href":"https:\/\/linitiative.ca\/International\/wp-json\/wp\/v2\/categories?post=143156"},{"taxonomy":"post_tag","embeddable":true,"href":"https:\/\/linitiative.ca\/International\/wp-json\/wp\/v2\/tags?post=143156"}],"curies":[{"name":"wp","href":"https:\/\/api.w.org\/{rel}","templated":true}]}}