{"id":143157,"date":"2022-03-15T11:35:00","date_gmt":"2022-03-15T15:35:00","guid":{"rendered":"https:\/\/linitiative.ca\/International\/coupure-delectricite-dans-8-communes-de-tizi-ouzou\/"},"modified":"2022-03-15T11:35:00","modified_gmt":"2022-03-15T15:35:00","slug":"coupure-delectricite-dans-8-communes-de-tizi-ouzou","status":"publish","type":"post","link":"https:\/\/linitiative.ca\/International\/coupure-delectricite-dans-8-communes-de-tizi-ouzou\/","title":{"rendered":"Coupure d&rsquo;\u00e9lectricit\u00e9 dans 8 communes de Tizi-Ouzou"},"content":{"rendered":"<div>Huit communes de la wilaya de Tizi-Ouzou sont d\u00e9pourvues d&rsquo;\u00e9lectricit\u00e9 suite \u00e0 des incidents enregistr\u00e9s sur le r\u00e9seau caus\u00e9s par le vent fort enregistr\u00e9 dans la nuit de lundi \u00e0 mardi<\/div>\n<p>Auteur:<br \/>\n<a href=\"https:\/\/www.liberte-algerie.com\/actualite\/coupure-delectricite-dans-8-communes-de-tizi-ouzou-374918\">Cliquez ici pour lire l&rsquo;article depuis sa source.<\/a><\/p>\n","protected":false},"excerpt":{"rendered":"<p>Huit communes de la wilaya de Tizi-Ouzou sont d\u00e9pourvues d&rsquo;\u00e9lectricit\u00e9 suite \u00e0 des incidents enregistr\u00e9s sur le r\u00e9seau caus\u00e9s par le vent fort enregistr\u00e9 dans la nuit de lundi \u00e0 mardi Auteur: Cliquez ici pour lire l&rsquo;article depuis sa source.<\/p>\n","protected":false},"author":1742,"featured_media":0,"comment_status":"closed","ping_status":"closed","sticky":false,"template":"","format":"standard","meta":{"fifu_image_url":"","fifu_image_alt":"","footnotes":""},"categories":[73,53],"tags":[],"class_list":["post-143157","post","type-post","status-publish","format-standard","hentry","category-actualite","category-algerie"],"_links":{"self":[{"href":"https:\/\/linitiative.ca\/International\/wp-json\/wp\/v2\/posts\/143157","targetHints":{"allow":["GET"]}}],"collection":[{"href":"https:\/\/linitiative.ca\/International\/wp-json\/wp\/v2\/posts"}],"about":[{"href":"https:\/\/linitiative.ca\/International\/wp-json\/wp\/v2\/types\/post"}],"author":[{"embeddable":true,"href":"https:\/\/linitiative.ca\/International\/wp-json\/wp\/v2\/users\/1742"}],"replies":[{"embeddable":true,"href":"https:\/\/linitiative.ca\/International\/wp-json\/wp\/v2\/comments?post=143157"}],"version-history":[{"count":0,"href":"https:\/\/linitiative.ca\/International\/wp-json\/wp\/v2\/posts\/143157\/revisions"}],"wp:attachment":[{"href":"https:\/\/linitiative.ca\/International\/wp-json\/wp\/v2\/media?parent=143157"}],"wp:term":[{"taxonomy":"category","embeddable":true,"href":"https:\/\/linitiative.ca\/International\/wp-json\/wp\/v2\/categories?post=143157"},{"taxonomy":"post_tag","embeddable":true,"href":"https:\/\/linitiative.ca\/International\/wp-json\/wp\/v2\/tags?post=143157"}],"curies":[{"name":"wp","href":"https:\/\/api.w.org\/{rel}","templated":true}]}}