{"id":143158,"date":"2022-03-15T11:40:36","date_gmt":"2022-03-15T15:40:36","guid":{"rendered":"https:\/\/linitiative.ca\/International\/le-51eme-festival-national-des-arts-populaires-du-1er-au-5-juillet\/"},"modified":"2022-03-15T11:40:36","modified_gmt":"2022-03-15T15:40:36","slug":"le-51eme-festival-national-des-arts-populaires-du-1er-au-5-juillet","status":"publish","type":"post","link":"https:\/\/linitiative.ca\/International\/le-51eme-festival-national-des-arts-populaires-du-1er-au-5-juillet\/","title":{"rendered":"Le 51\u00e8me festival national des arts populaires, du 1er au 5 juillet"},"content":{"rendered":"<div>\n<div style=\"margin-bottom:20px;\"><img loading=\"lazy\" decoding=\"async\" width=\"750\" height=\"430\" src=\"https:\/\/linitiative.ca\/International\/wp-content\/uploads\/sites\/23\/2022\/03\/FNAP-1.jpg\" class=\"attachment-post-thumbnail size-post-thumbnail wp-post-image\" alt=\"\" srcset=\"https:\/\/linitiative.ca\/International\/wp-content\/uploads\/sites\/23\/2022\/03\/FNAP-1.jpg 750w, https:\/\/www.mapmarrakech.ma\/map\/uploads\/2022\/03\/FNAP-1-300x172.jpg 300w\" sizes=\"auto, (max-width: 750px) 100vw, 750px\"><\/div>\n<p>Tenue \u00e0 l\u2019initiative de l\u2019association \u201cLe Grand Atlas\u201d en collaboration avec le minist\u00e8re de la Jeunesse, de la Culture et de la Communication, cet \u00e9v\u00e9nement ravira les amoureux des arts populaires \u00e0 travers le Maroc et \u00e0 l\u2019international, apr\u00e8s la crise sanitaire du Covid-19, que le Maroc a connu, indique-t-on dans un communiqu\u00e9.<\/p>\n<p>Ce festival c\u00e9l\u00e8bre depuis plus de 50 an, les arts populaires \u00e0 travers toutes les r\u00e9gions du Royaume, se positionnant comme \u00e9tant une v\u00e9ritable action culturelle de pr\u00e9servation du patrimoine marocain, fait savoir la m\u00eame source.<\/p>\n<p>Cet \u00e9v\u00e9nement emprunte une forte conscience culturelle. Au c\u0153ur du palais Badi\u00e2, monument historique s\u00e9culaire, \u0153uvre Sa\u00e2dienne du 16\u00e8me si\u00e8cle, les arts populaires remettent le spectateur au fond d\u2019une authentique fusion artistique fraternelle \u00e0 travers les origines de tout \u00e0 chacun.<\/p>\n<p>\u201cIl s\u2019agit v\u00e9ritablement d\u2019une r\u00e9novation en profondeur d\u2019un patrimoine aux multiples facettes artistiques et aux dimensions sociales et spirituelles\u201d, fait observer la m\u00eame source.<\/p>\n<p>Le festival, d\u00e9nominateur commun de ce riche h\u00e9ritage culturel et patrimonial, les confluences du gestuel et la noblesse du symbolisme s\u2019y greffe \u00e0 travers l\u2019histoire de la ville et ses grands moments festifs.<\/p>\n<p>Le festival national des arts populaires a su r\u00e9sister \u00e0 travers le temps gr\u00e2ce \u00e0 son impact \u00e9motionnel qui embrasse l\u2019\u00e2me marocaine. Avec ces tonalit\u00e9s et couleurs chatoyantes, il a marqu\u00e9 et marquera le cycle vital de l\u2019histoire grandiose du Royaume. Tout un h\u00e9ritage sous le cr\u00e9neau de l\u2019originalit\u00e9 et la diversit\u00e9.<\/p>\n<p>\u201cOrganiser cette 51\u00e8me \u00e9dition du festival national des arts populaires apr\u00e8s la crise sanitaire de Covid -19 est plus qu\u2019une promotion de la cit\u00e9 ocre et du patrimoine culturel national\u201d, rel\u00e8ve le communiqu\u00e9, ajoutant que c\u2019est un v\u00e9ritable d\u00e9fi du temps par l\u2019authenticit\u00e9 des arts ancestraux qui demeurent encore plus vivants au fil des ann\u00e9es.<\/p>\n<p>The post <a rel=\"nofollow\" href=\"https:\/\/www.mapmarrakech.ma\/fr\/le-51eme-festival-national-des-arts-populaires-du-1er-au-5-juillet\/\">Le 51\u00e8me festival national des arts populaires, du 1er au 5 juillet<\/a> appeared first on <a rel=\"nofollow\" href=\"https:\/\/www.mapmarrakech.ma\/fr\">MapMarrakech<\/a>.<\/p>\n<\/div>\n<p>Auteur: Mohammed KOURSI<br \/>\n<a href=\"https:\/\/www.mapmarrakech.ma\/fr\/le-51eme-festival-national-des-arts-populaires-du-1er-au-5-juillet\/\">Cliquez ici pour lire l&rsquo;article depuis sa source.<\/a><\/p>\n","protected":false},"excerpt":{"rendered":"<p>Tenue \u00e0 l\u2019initiative de l\u2019association \u201cLe Grand Atlas\u201d en collaboration avec le minist\u00e8re de la Jeunesse, de la Culture et de la Communication, cet \u00e9v\u00e9nement ravira les amoureux des arts populaires \u00e0 travers le Maroc et \u00e0 l\u2019international, apr\u00e8s la crise sanitaire du Covid-19, que le Maroc a connu, indique-t-on dans un communiqu\u00e9. Ce festival [&hellip;]<\/p>\n","protected":false},"author":1788,"featured_media":0,"comment_status":"closed","ping_status":"closed","sticky":false,"template":"","format":"standard","meta":{"fifu_image_url":"https:\/\/www.mapmarrakech.ma\/map\/uploads\/2022\/03\/FNAP-1.jpg","fifu_image_alt":"Le 51\u00e8me festival national des arts populaires, du 1er au 5 juillet","footnotes":""},"categories":[54,76],"tags":[],"class_list":["post-143158","post","type-post","status-publish","format-standard","hentry","category-maroc","category-regions"],"_links":{"self":[{"href":"https:\/\/linitiative.ca\/International\/wp-json\/wp\/v2\/posts\/143158","targetHints":{"allow":["GET"]}}],"collection":[{"href":"https:\/\/linitiative.ca\/International\/wp-json\/wp\/v2\/posts"}],"about":[{"href":"https:\/\/linitiative.ca\/International\/wp-json\/wp\/v2\/types\/post"}],"author":[{"embeddable":true,"href":"https:\/\/linitiative.ca\/International\/wp-json\/wp\/v2\/users\/1788"}],"replies":[{"embeddable":true,"href":"https:\/\/linitiative.ca\/International\/wp-json\/wp\/v2\/comments?post=143158"}],"version-history":[{"count":0,"href":"https:\/\/linitiative.ca\/International\/wp-json\/wp\/v2\/posts\/143158\/revisions"}],"wp:attachment":[{"href":"https:\/\/linitiative.ca\/International\/wp-json\/wp\/v2\/media?parent=143158"}],"wp:term":[{"taxonomy":"category","embeddable":true,"href":"https:\/\/linitiative.ca\/International\/wp-json\/wp\/v2\/categories?post=143158"},{"taxonomy":"post_tag","embeddable":true,"href":"https:\/\/linitiative.ca\/International\/wp-json\/wp\/v2\/tags?post=143158"}],"curies":[{"name":"wp","href":"https:\/\/api.w.org\/{rel}","templated":true}]}}