{"id":143160,"date":"2022-03-15T11:48:32","date_gmt":"2022-03-15T15:48:32","guid":{"rendered":"https:\/\/linitiative.ca\/International\/lancement-de-la-caravane-de-lentrepreneuriat-et-lemployabilite-des-jeunes\/"},"modified":"2022-03-15T11:48:32","modified_gmt":"2022-03-15T15:48:32","slug":"lancement-de-la-caravane-de-lentrepreneuriat-et-lemployabilite-des-jeunes","status":"publish","type":"post","link":"https:\/\/linitiative.ca\/International\/lancement-de-la-caravane-de-lentrepreneuriat-et-lemployabilite-des-jeunes\/","title":{"rendered":"Lancement de la caravane de l\u2019entrepreneuriat et l\u2019employabilit\u00e9 des jeunes"},"content":{"rendered":"<div>\n<div style=\"margin-bottom:20px;\"><img loading=\"lazy\" decoding=\"async\" width=\"750\" height=\"430\" src=\"https:\/\/linitiative.ca\/International\/wp-content\/uploads\/sites\/23\/2022\/03\/Caravane-entrepre.jpg\" class=\"attachment-post-thumbnail size-post-thumbnail wp-post-image\" alt=\"\" srcset=\"https:\/\/linitiative.ca\/International\/wp-content\/uploads\/sites\/23\/2022\/03\/Caravane-entrepre.jpg 750w, https:\/\/www.mapmarrakech.ma\/map\/uploads\/2022\/03\/Caravane-entrepre-300x172.jpg 300w\" sizes=\"auto, (max-width: 750px) 100vw, 750px\"><\/div>\n<p>Cette caravane, qui s\u2019inscrit dans le cadre du Programme 3 de l\u2019Initiative Nationale pour le D\u00e9veloppement Humain (INDH) \u00ab\u00a0Am\u00e9lioration du revenu et inclusion \u00e9conomique des jeunes\u00a0\u00bb, se poursuivra jusqu\u2019au 7 avril prochain et sillonnera 24 communes relevant de la pr\u00e9fecture de\u00a0Marrakech\u00a0et des 7 provinces de la r\u00e9gion\u00a0Marrakech- Safi (Youssoufia, Safi, Essaouira, Chichaoua, Al Haouz, El Kela\u00e2 des Sraghna et Rehamna).<\/p>\n<p>Initi\u00e9e par l\u2019INDH et l\u2019Agence Nationale de Promotion de l\u2019Emploi et des Comp\u00e9tences (ANAPEC), le Centre R\u00e9gional d\u2019Investissement de\u00a0Marrakech-Safi (CRI-MS), la caravane, dont la c\u00e9r\u00e9monie de lancement a \u00e9t\u00e9 pr\u00e9sid\u00e9e par le wali de la r\u00e9gion\u00a0Marrakech-Safi, gouverneur de la pr\u00e9fecture de\u00a0Marrakech, M. Karim Kassi-Lahlou, a pour objectif de sensibiliser et d\u2019accompagner les jeunes porteurs de projets (15 \u00e0 34 ans) afin de promouvoir leur inclusion \u00e9conomique et leur employabilit\u00e9 \u00e0 travers des services d\u2019orientation professionnelle individuelle.<\/p>\n<p>La caravane, qui s\u2019inscrit dans le cadre du programme \u00ab\u00a0Soutenir l\u2019insertion \u00e9conomique des Jeunes\u00a0\u00bb dans la r\u00e9gion de\u00a0Marrakech-Safi, financ\u00e9 en partenariat avec la Banque mondiale, d\u2019un montant de 4,7 millions de dirhams, pr\u00e9voit l\u2019organisation d\u2019ateliers sur les techniques de recherche d\u2019emploi et la tenue d\u2019entretiens individuels et de groupe pour les demandeurs d\u2019emploi.<\/p>\n<p>Le Directeur r\u00e9gional de l\u2019ANAPEC \u00e0\u00a0Marrakech-Safi, M. Hicham Kasbaoui, s\u2019est f\u00e9licit\u00e9 de la r\u00e9ussite de la premi\u00e8re caravane, organis\u00e9e en juillet dernier et ax\u00e9e sur l\u2019entrepreneuriat, rappelant que 1.300 jeunes ont b\u00e9n\u00e9fici\u00e9 de l\u2019accompagnement lors de cette \u00e9dition.<\/p>\n<p>Dans une d\u00e9claration \u00e0 M24, la cha\u00eene t\u00e9l\u00e9vis\u00e9e de l\u2019information en continu de la MAP, M. Kasbaoui a soulign\u00e9 que la deuxi\u00e8me \u00e9dition mettra l\u2019accent sur l\u2019entrepreneuriat et l\u2019am\u00e9lioration de l\u2019employabilit\u00e9, Faisant savoir que les objectifs de cette caravane consistent \u00e0 faire connaitre les offres et les programmes d\u2019accompagnement et de soutien aux projets entrepreneuriaux.<\/p>\n<p>Pour sa part, M. Mohamed Amine Sabibi, Directeur du p\u00f4le Impulsion Economique et Offre Territoriale au CRI-MS, a relev\u00e9 que les institutions partenaires du programme \u00ab\u00a0Soutenir l\u2019insertion \u00e9conomique des Jeunes\u00a0\u00bb, sont fi\u00e8res de lancer la deuxi\u00e8me \u00e9dition de cette caravane r\u00e9gionale, sous la supervision du pr\u00e9sident du Comit\u00e9 R\u00e9gional de D\u00e9veloppement Humain (CRDH), Wali de la r\u00e9gion\u00a0Marrakech-Safi.<\/p>\n<p>Et d\u2019ajouter que le CRI-MS mobilise son expertise technique et ses ressources humaines pour informer et orienter les b\u00e9n\u00e9ficiaires, notamment dans le monde rural, afin de lancer une forte dynamique entrepreneuriale dans la r\u00e9gion.<\/p>\n<p>Pour leur part, les jeunes porteurs de projets ont salu\u00e9 cette initiative qui aura un impact positif sur leur parcours entrepreneurial, et qui leur offre l\u2019opportunit\u00e9 de mieux s\u2019informer afin qu\u2019ils soient en mesure d\u2019assurer la p\u00e9rennit\u00e9 de leurs activit\u00e9s \u00e9conomiques.<\/p>\n<p>En juillet dernier, la \u00ab\u00a0premi\u00e8re caravane de l\u2019entreprenariat\u00a0\u00bb a \u00e9t\u00e9 lanc\u00e9 au profit des jeunes entrepreneurs sur l\u2019ensemble du territoire de la r\u00e9gion\u00a0Marrakech-Safi, dans le but d\u2019informer les porteurs de projets sur les diff\u00e9rents programmes et initiatives visant \u00e0 accompagner et soutenir la cr\u00e9ation d\u2019entreprise.<\/p>\n<p>The post <a rel=\"nofollow\" href=\"https:\/\/www.mapmarrakech.ma\/fr\/lancement-de-la-caravane-regionale-de-lentrepreneuriat-et-lemployabilite-des-jeunes\/\">Lancement de la caravane de l\u2019entrepreneuriat et l\u2019employabilit\u00e9 des jeunes<\/a> appeared first on <a rel=\"nofollow\" href=\"https:\/\/www.mapmarrakech.ma\/fr\">MapMarrakech<\/a>.<\/p>\n<\/div>\n<p>Auteur: Mohammed KOURSI<br \/>\n<a href=\"https:\/\/www.mapmarrakech.ma\/fr\/lancement-de-la-caravane-regionale-de-lentrepreneuriat-et-lemployabilite-des-jeunes\/\">Cliquez ici pour lire l&rsquo;article depuis sa source.<\/a><\/p>\n","protected":false},"excerpt":{"rendered":"<p>Cette caravane, qui s\u2019inscrit dans le cadre du Programme 3 de l\u2019Initiative Nationale pour le D\u00e9veloppement Humain (INDH) \u00ab\u00a0Am\u00e9lioration du revenu et inclusion \u00e9conomique des jeunes\u00a0\u00bb, se poursuivra jusqu\u2019au 7 avril prochain et sillonnera 24 communes relevant de la pr\u00e9fecture de\u00a0Marrakech\u00a0et des 7 provinces de la r\u00e9gion\u00a0Marrakech- Safi (Youssoufia, Safi, Essaouira, Chichaoua, Al Haouz, El [&hellip;]<\/p>\n","protected":false},"author":1788,"featured_media":0,"comment_status":"closed","ping_status":"closed","sticky":false,"template":"","format":"standard","meta":{"fifu_image_url":"https:\/\/www.mapmarrakech.ma\/map\/uploads\/2022\/03\/Caravane-entrepre.jpg","fifu_image_alt":"Lancement de la caravane de l\u2019entrepreneuriat et l\u2019employabilit\u00e9 des jeunes","footnotes":""},"categories":[54,76],"tags":[],"class_list":["post-143160","post","type-post","status-publish","format-standard","hentry","category-maroc","category-regions"],"_links":{"self":[{"href":"https:\/\/linitiative.ca\/International\/wp-json\/wp\/v2\/posts\/143160","targetHints":{"allow":["GET"]}}],"collection":[{"href":"https:\/\/linitiative.ca\/International\/wp-json\/wp\/v2\/posts"}],"about":[{"href":"https:\/\/linitiative.ca\/International\/wp-json\/wp\/v2\/types\/post"}],"author":[{"embeddable":true,"href":"https:\/\/linitiative.ca\/International\/wp-json\/wp\/v2\/users\/1788"}],"replies":[{"embeddable":true,"href":"https:\/\/linitiative.ca\/International\/wp-json\/wp\/v2\/comments?post=143160"}],"version-history":[{"count":0,"href":"https:\/\/linitiative.ca\/International\/wp-json\/wp\/v2\/posts\/143160\/revisions"}],"wp:attachment":[{"href":"https:\/\/linitiative.ca\/International\/wp-json\/wp\/v2\/media?parent=143160"}],"wp:term":[{"taxonomy":"category","embeddable":true,"href":"https:\/\/linitiative.ca\/International\/wp-json\/wp\/v2\/categories?post=143160"},{"taxonomy":"post_tag","embeddable":true,"href":"https:\/\/linitiative.ca\/International\/wp-json\/wp\/v2\/tags?post=143160"}],"curies":[{"name":"wp","href":"https:\/\/api.w.org\/{rel}","templated":true}]}}