{"id":143162,"date":"2022-03-15T11:15:31","date_gmt":"2022-03-15T15:15:31","guid":{"rendered":"https:\/\/linitiative.ca\/International\/entrepreneuriat-le-gouvernement-lance-le-programme-national-forsa\/"},"modified":"2022-03-15T11:15:31","modified_gmt":"2022-03-15T15:15:31","slug":"entrepreneuriat-le-gouvernement-lance-le-programme-national-forsa","status":"publish","type":"post","link":"https:\/\/linitiative.ca\/International\/entrepreneuriat-le-gouvernement-lance-le-programme-national-forsa\/","title":{"rendered":"Entrepreneuriat: le gouvernement lance le programme national \u00ab\u00a0FORSA\u00a0\u00bb"},"content":{"rendered":"<div>\n<div style=\"margin-bottom:20px;\"><img loading=\"lazy\" decoding=\"async\" width=\"750\" height=\"430\" src=\"https:\/\/linitiative.ca\/International\/wp-content\/uploads\/sites\/23\/2022\/03\/Conseil-du-gouvernement-750C397430-MAP.jpg\" class=\"attachment-post-thumbnail size-post-thumbnail wp-post-image\" alt=\"\" srcset=\"https:\/\/linitiative.ca\/International\/wp-content\/uploads\/sites\/23\/2022\/03\/Conseil-du-gouvernement-750C397430-MAP.jpg 750w, https:\/\/www.mapoujda.ma\/map\/uploads\/2022\/03\/Conseil-du-gouvernement-750\u00d7430-MAP-300x172.jpg 300w\" sizes=\"auto, (max-width: 750px) 100vw, 750px\"><\/div>\n<p style=\"text-align: justify;\">Le gouvernement a lanc\u00e9, mardi, \u00ab\u00a0FORSA\u00a0\u00bb, un programme ambitieux et novateur qui s\u2019adresse \u00e0 toutes les personnes \u00e2g\u00e9es de plus de 18 ans porteuses d\u2019id\u00e9es ou de projets d\u2019entrepreneuriat.<\/p>\n<p style=\"text-align: justify;\">Le lancement de ce programme intervient dans un contexte marqu\u00e9 par des difficult\u00e9s d\u2019acc\u00e8s des jeunes aux sources de financement et des contraintes que subissent les toutes petites entreprises, et eu \u00e9gard aux effets de la crise du nouveau coronavirus (covid-19) sur l\u2019\u00e9conomie nationale, indique le D\u00e9partement du Chef de gouvernement dans un communiqu\u00e9, rappelant que la promotion de l\u2019entrepreneuriat et la cr\u00e9ation de l\u2019emploi sont inscrits parmi les priorit\u00e9s du programme gouvernemental.<\/p>\n<p style=\"text-align: justify;\">En r\u00e9ponse aux Hautes Orientations Royales pour la promotion de l\u2019investissement et de l\u2019emploi, particuli\u00e8rement parmi les jeunes, le programme \u00ab\u00a0FORSA\u00a0\u00bb met l\u2019autonomisation des citoyens au c\u0153ur de son action, et pr\u00e9voit ainsi deux dispositifs combinant accompagnement et financement, fait savoir la m\u00eame source. Il converge avec les autres initiatives de soutien \u00e0 l\u2019initiative individuelle et compl\u00e8te le dispositif en place.<\/p>\n<p style=\"text-align: justify;\">Ledit programme se verra consacrer une enveloppe budg\u00e9taire de 1,25 milliard de dirhams (MMDH) au titre de l\u2019ann\u00e9e 2022 et ciblera l\u2019accompagnement de 10.000 porteurs de projets incluant tous les secteurs de l\u2019\u00e9conomie, tout en assurant les principes d\u2019\u00e9quit\u00e9 r\u00e9gionale et de genre.<\/p>\n<p style=\"text-align: justify;\">Le dispositif d\u2019accompagnement comprend une formation en e-learning pour l\u2019ensemble des projets retenus, ainsi qu\u2019une incubation de 2,5 mois au profit des projets les plus prometteurs, \u00e0 travers la mobilisation d\u2019incubateurs r\u00e9gionaux.<\/p>\n<p style=\"text-align: justify;\">Pour sa part, le dispositif de financement pr\u00e9vu au profit des b\u00e9n\u00e9ficiaires consiste en un pr\u00eat d\u2019honneur d\u2019un montant maximal de 100.000 dirhams, dont une subvention pouvant atteindre 10.000 dirhams. Tous les secteurs d\u2019activit\u00e9 sont \u00e9ligibles et la dur\u00e9e maximale du remboursement du pr\u00eat est de 10 ans avec un diff\u00e9r\u00e9 de 2 ans.<\/p>\n<p style=\"text-align: justify;\">Les porteurs de projets seront s\u00e9lectionn\u00e9s \u00e0 l\u2019issue d\u2019un Appel \u00e0 Projets dont le lancement est pr\u00e9vu d\u00e9but avril 2022, \u00e0 la suite duquel les candidats d\u00e9poseront leurs dossiers de candidature sur la plateforme digitale \u00ab\u00a0www.forsa.ma\u00a0\u00bb. Ils pourront se faire assister au niveau des Desks FORSA ouverts \u00e0 cet effet au niveau des douze r\u00e9gions du Royaume. Un Centre de Relation Client (CRC) sera \u00e9galement mis \u00e0 disposition et aura pour r\u00f4le d\u2019assister les porteurs de projets tout au long de ce processus.<\/p>\n<p style=\"text-align: justify;\">Par ailleurs, un syst\u00e8me de gouvernance a \u00e9t\u00e9 mis en place afin de piloter et d\u2019accompagner la mise en \u0153uvre du programme. Il se compose d\u2019un comit\u00e9 strat\u00e9gique, pr\u00e9sid\u00e9 par le Chef du gouvernement, un comit\u00e9 de pilotage national et des comit\u00e9s de suivi r\u00e9gionaux et provinciaux.<\/p>\n<p style=\"text-align: justify;\">Le d\u00e9ploiement effectif du programme \u00ab\u00a0FORSA\u00a0\u00bb s\u2019appuie sur la mobilisation des partenaires au niveau des r\u00e9gions notamment les Centres R\u00e9gionaux d\u2019Investissement (CRI), les organismes de microfinance, et les incubateurs locaux.<\/p>\n<p style=\"text-align: justify;\">La Soci\u00e9t\u00e9 Marocaine d\u2019Ing\u00e9nierie Touristique (SMIT) a \u00e9t\u00e9 d\u00e9sign\u00e9e pour piloter le programme, notamment \u00e0 travers la mise en place d\u2019une unit\u00e9 de gestion et de suivi d\u00e9di\u00e9e au programme \u00ab\u00a0FORSA\u00a0\u00bb et d\u00e9ploy\u00e9e sur l\u2019ensemble du territoire, conclut le communiqu\u00e9.<\/p>\n<p>L\u2019article <a rel=\"nofollow\" href=\"https:\/\/www.mapoujda.ma\/fr\/entrepreneuriat-le-gouvernement-lance-le-programme-national-forsa\/\">Entrepreneuriat: le gouvernement lance le programme national \u00ab\u00a0FORSA\u00a0\u00bb<\/a> est apparu en premier sur <a rel=\"nofollow\" href=\"https:\/\/www.mapoujda.ma\/fr\">MapOujda<\/a>.<\/p>\n<\/div>\n<p>Auteur: Soufiane ELAHMAR<br \/>\n<a href=\"https:\/\/www.mapoujda.ma\/fr\/entrepreneuriat-le-gouvernement-lance-le-programme-national-forsa\/\">Cliquez ici pour lire l&rsquo;article depuis sa source.<\/a><\/p>\n","protected":false},"excerpt":{"rendered":"<p>Le gouvernement a lanc\u00e9, mardi, \u00ab\u00a0FORSA\u00a0\u00bb, un programme ambitieux et novateur qui s\u2019adresse \u00e0 toutes les personnes \u00e2g\u00e9es de plus de 18 ans porteuses d\u2019id\u00e9es ou de projets d\u2019entrepreneuriat. Le lancement de ce programme intervient dans un contexte marqu\u00e9 par des difficult\u00e9s d\u2019acc\u00e8s des jeunes aux sources de financement et des contraintes que subissent les [&hellip;]<\/p>\n","protected":false},"author":1788,"featured_media":0,"comment_status":"closed","ping_status":"closed","sticky":false,"template":"","format":"standard","meta":{"fifu_image_url":"https:\/\/www.mapoujda.ma\/map\/uploads\/2022\/03\/Conseil-du-gouvernement-750\u00d7430-MAP.jpg","fifu_image_alt":"Entrepreneuriat: le gouvernement lance le programme national \u00ab\u00a0FORSA\u00a0\u00bb","footnotes":""},"categories":[54,76],"tags":[],"class_list":["post-143162","post","type-post","status-publish","format-standard","hentry","category-maroc","category-regions"],"_links":{"self":[{"href":"https:\/\/linitiative.ca\/International\/wp-json\/wp\/v2\/posts\/143162","targetHints":{"allow":["GET"]}}],"collection":[{"href":"https:\/\/linitiative.ca\/International\/wp-json\/wp\/v2\/posts"}],"about":[{"href":"https:\/\/linitiative.ca\/International\/wp-json\/wp\/v2\/types\/post"}],"author":[{"embeddable":true,"href":"https:\/\/linitiative.ca\/International\/wp-json\/wp\/v2\/users\/1788"}],"replies":[{"embeddable":true,"href":"https:\/\/linitiative.ca\/International\/wp-json\/wp\/v2\/comments?post=143162"}],"version-history":[{"count":0,"href":"https:\/\/linitiative.ca\/International\/wp-json\/wp\/v2\/posts\/143162\/revisions"}],"wp:attachment":[{"href":"https:\/\/linitiative.ca\/International\/wp-json\/wp\/v2\/media?parent=143162"}],"wp:term":[{"taxonomy":"category","embeddable":true,"href":"https:\/\/linitiative.ca\/International\/wp-json\/wp\/v2\/categories?post=143162"},{"taxonomy":"post_tag","embeddable":true,"href":"https:\/\/linitiative.ca\/International\/wp-json\/wp\/v2\/tags?post=143162"}],"curies":[{"name":"wp","href":"https:\/\/api.w.org\/{rel}","templated":true}]}}