{"id":143164,"date":"2022-03-15T10:07:11","date_gmt":"2022-03-15T14:07:11","guid":{"rendered":"https:\/\/linitiative.ca\/International\/raid-sahraouiya-sitel-une-participation-sous-le-signe-du-social\/"},"modified":"2022-03-15T10:07:11","modified_gmt":"2022-03-15T14:07:11","slug":"raid-sahraouiya-sitel-une-participation-sous-le-signe-du-social","status":"publish","type":"post","link":"https:\/\/linitiative.ca\/International\/raid-sahraouiya-sitel-une-participation-sous-le-signe-du-social\/","title":{"rendered":"Raid Sahraouiya: Sitel, une participation sous le signe du social"},"content":{"rendered":"<div>\n<div class=\"field field-name-body field-type-text-with-summary field-label-hidden\">\n<div class=\"field-items\">\n<div class=\"field-item even\" property=\"content:encoded\">\n<p class=\"rtejustify\">Sitel, sp\u00e9cialiste des centres de contacts a pris part au Raid f\u00e9minin Sahraouiya organis\u00e9 r\u00e9cemment \u00e0 Dakhla. Une participation qui a permis \u00e0 l\u2019entreprise d\u2019initier des actions sociales au profit des associations partenaires de sa strat\u00e9gie RSE.<\/p>\n<\/div>\n<\/div>\n<\/div>\n<\/div>\n<p>Auteur: mbasraoui<br \/>\n<a href=\"https:\/\/www.leconomiste.com\/flash-infos\/raid-sahraouiya-sitel-une-participation-sous-le-signe-du-social\">Cliquez ici pour lire l&rsquo;article depuis sa source.<\/a><\/p>\n","protected":false},"excerpt":{"rendered":"<p>Sitel, sp\u00e9cialiste des centres de contacts a pris part au Raid f\u00e9minin Sahraouiya organis\u00e9 r\u00e9cemment \u00e0 Dakhla. Une participation qui a permis \u00e0 l\u2019entreprise d\u2019initier des actions sociales au profit des associations partenaires de sa strat\u00e9gie RSE. Auteur: mbasraoui Cliquez ici pour lire l&rsquo;article depuis sa source.<\/p>\n","protected":false},"author":1763,"featured_media":0,"comment_status":"closed","ping_status":"closed","sticky":false,"template":"","format":"standard","meta":{"fifu_image_url":"","fifu_image_alt":"","footnotes":""},"categories":[78,54],"tags":[],"class_list":["post-143164","post","type-post","status-publish","format-standard","hentry","category-economie","category-maroc"],"_links":{"self":[{"href":"https:\/\/linitiative.ca\/International\/wp-json\/wp\/v2\/posts\/143164","targetHints":{"allow":["GET"]}}],"collection":[{"href":"https:\/\/linitiative.ca\/International\/wp-json\/wp\/v2\/posts"}],"about":[{"href":"https:\/\/linitiative.ca\/International\/wp-json\/wp\/v2\/types\/post"}],"author":[{"embeddable":true,"href":"https:\/\/linitiative.ca\/International\/wp-json\/wp\/v2\/users\/1763"}],"replies":[{"embeddable":true,"href":"https:\/\/linitiative.ca\/International\/wp-json\/wp\/v2\/comments?post=143164"}],"version-history":[{"count":0,"href":"https:\/\/linitiative.ca\/International\/wp-json\/wp\/v2\/posts\/143164\/revisions"}],"wp:attachment":[{"href":"https:\/\/linitiative.ca\/International\/wp-json\/wp\/v2\/media?parent=143164"}],"wp:term":[{"taxonomy":"category","embeddable":true,"href":"https:\/\/linitiative.ca\/International\/wp-json\/wp\/v2\/categories?post=143164"},{"taxonomy":"post_tag","embeddable":true,"href":"https:\/\/linitiative.ca\/International\/wp-json\/wp\/v2\/tags?post=143164"}],"curies":[{"name":"wp","href":"https:\/\/api.w.org\/{rel}","templated":true}]}}