{"id":143165,"date":"2022-03-15T11:13:52","date_gmt":"2022-03-15T15:13:52","guid":{"rendered":"https:\/\/linitiative.ca\/International\/covid-19-111-nouveaux-cas-et-3-deces-ce-mardi\/"},"modified":"2022-03-15T11:13:52","modified_gmt":"2022-03-15T15:13:52","slug":"covid-19-111-nouveaux-cas-et-3-deces-ce-mardi","status":"publish","type":"post","link":"https:\/\/linitiative.ca\/International\/covid-19-111-nouveaux-cas-et-3-deces-ce-mardi\/","title":{"rendered":"Covid-19: 111 nouveaux cas et 3 d\u00e9c\u00e8s ce mardi"},"content":{"rendered":"<div>\n<div class=\"field field-name-body field-type-text-with-summary field-label-hidden\">\n<div class=\"field-items\">\n<div class=\"field-item even\" property=\"content:encoded\">\n<p class=\"rtejustify\">Un total de<strong> 111<\/strong> nouveaux cas d&rsquo;infection au nouveau coronavirus (Covid-19) et de <strong>148 <\/strong>gu\u00e9risons a \u00e9t\u00e9 enregistr\u00e9 au Maroc au cours des derni\u00e8res 24 heures, a indiqu\u00e9 <strong>mardi\u00a0<\/strong>le minist\u00e8re de la Sant\u00e9 et de la protection sociale. En plus des tests r\u00e9alis\u00e9s au niveau r\u00e9gional\/provincial, <strong>929<\/strong> tests antig\u00e9niques rapides ont \u00e9t\u00e9 effectu\u00e9s au niveau des a\u00e9roports chez les voyageurs durant les derni\u00e8res 24 heures.<\/p>\n<\/div>\n<\/div>\n<\/div>\n<\/div>\n<p>Auteur: mbasraoui<br \/>\n<a href=\"https:\/\/www.leconomiste.com\/flash-infos\/covid-19-636-nouveaux-cas-et-22-deces-ce-mardi\">Cliquez ici pour lire l&rsquo;article depuis sa source.<\/a><\/p>\n","protected":false},"excerpt":{"rendered":"<p>Un total de 111 nouveaux cas d&rsquo;infection au nouveau coronavirus (Covid-19) et de 148 gu\u00e9risons a \u00e9t\u00e9 enregistr\u00e9 au Maroc au cours des derni\u00e8res 24 heures, a indiqu\u00e9 mardi\u00a0le minist\u00e8re de la Sant\u00e9 et de la protection sociale. En plus des tests r\u00e9alis\u00e9s au niveau r\u00e9gional\/provincial, 929 tests antig\u00e9niques rapides ont \u00e9t\u00e9 effectu\u00e9s au niveau [&hellip;]<\/p>\n","protected":false},"author":1763,"featured_media":0,"comment_status":"closed","ping_status":"closed","sticky":false,"template":"","format":"standard","meta":{"fifu_image_url":"","fifu_image_alt":"","footnotes":""},"categories":[78,54],"tags":[],"class_list":["post-143165","post","type-post","status-publish","format-standard","hentry","category-economie","category-maroc"],"_links":{"self":[{"href":"https:\/\/linitiative.ca\/International\/wp-json\/wp\/v2\/posts\/143165","targetHints":{"allow":["GET"]}}],"collection":[{"href":"https:\/\/linitiative.ca\/International\/wp-json\/wp\/v2\/posts"}],"about":[{"href":"https:\/\/linitiative.ca\/International\/wp-json\/wp\/v2\/types\/post"}],"author":[{"embeddable":true,"href":"https:\/\/linitiative.ca\/International\/wp-json\/wp\/v2\/users\/1763"}],"replies":[{"embeddable":true,"href":"https:\/\/linitiative.ca\/International\/wp-json\/wp\/v2\/comments?post=143165"}],"version-history":[{"count":0,"href":"https:\/\/linitiative.ca\/International\/wp-json\/wp\/v2\/posts\/143165\/revisions"}],"wp:attachment":[{"href":"https:\/\/linitiative.ca\/International\/wp-json\/wp\/v2\/media?parent=143165"}],"wp:term":[{"taxonomy":"category","embeddable":true,"href":"https:\/\/linitiative.ca\/International\/wp-json\/wp\/v2\/categories?post=143165"},{"taxonomy":"post_tag","embeddable":true,"href":"https:\/\/linitiative.ca\/International\/wp-json\/wp\/v2\/tags?post=143165"}],"curies":[{"name":"wp","href":"https:\/\/api.w.org\/{rel}","templated":true}]}}