{"id":143167,"date":"2022-03-15T14:07:13","date_gmt":"2022-03-15T18:07:13","guid":{"rendered":"https:\/\/linitiative.ca\/International\/rencontre-sur-la-greentech-a-casablanca\/"},"modified":"2022-03-15T14:07:13","modified_gmt":"2022-03-15T18:07:13","slug":"rencontre-sur-la-greentech-a-casablanca","status":"publish","type":"post","link":"https:\/\/linitiative.ca\/International\/rencontre-sur-la-greentech-a-casablanca\/","title":{"rendered":"Rencontre sur la Greentech \u00e0 Casablanca"},"content":{"rendered":"<div>\n<div class=\"field field-name-body field-type-text-with-summary field-label-hidden\">\n<div class=\"field-items\">\n<div class=\"field-item even\" property=\"content:encoded\">\n<p class=\"rtejustify\">A\u00a0l\u2019initiative de Cluster Solaire, une rencontre sur \u00ab\u00a0Acc\u00e9l\u00e9rer le d\u00e9veloppement des fili\u00e8res et entreprises Greentech au Maroc: une opportunit\u00e9 de relance socio\u00e9conomique post Covid durable\u00a0\u00bb se tiendra, mardi prochain \u00e0 Casablanca.<\/p>\n<p class=\"rtejustify\">Cet \u00e9v\u00e9nement, organis\u00e9 en collaboration avec IFC (International Finance Corporation \u2013 Soci\u00e9t\u00e9 financi\u00e8re internationale) et soutenu par la Fondation Drosos, vise \u00e0 f\u00e9d\u00e9rer et sensibiliser les institutions \u00e0 l\u2019importance du secteur des technologies propres, indique Cluster Solaire.<\/p>\n<\/div>\n<\/div>\n<\/div>\n<\/div>\n<p>Auteur: mbasraoui<br \/>\n<a href=\"https:\/\/www.leconomiste.com\/flash-infos\/rencontre-sur-la-greentech-casablanca\">Cliquez ici pour lire l&rsquo;article depuis sa source.<\/a><\/p>\n","protected":false},"excerpt":{"rendered":"<p>A\u00a0l\u2019initiative de Cluster Solaire, une rencontre sur \u00ab\u00a0Acc\u00e9l\u00e9rer le d\u00e9veloppement des fili\u00e8res et entreprises Greentech au Maroc: une opportunit\u00e9 de relance socio\u00e9conomique post Covid durable\u00a0\u00bb se tiendra, mardi prochain \u00e0 Casablanca. Cet \u00e9v\u00e9nement, organis\u00e9 en collaboration avec IFC (International Finance Corporation \u2013 Soci\u00e9t\u00e9 financi\u00e8re internationale) et soutenu par la Fondation Drosos, vise \u00e0 f\u00e9d\u00e9rer et [&hellip;]<\/p>\n","protected":false},"author":1763,"featured_media":0,"comment_status":"closed","ping_status":"closed","sticky":false,"template":"","format":"standard","meta":{"fifu_image_url":"","fifu_image_alt":"","footnotes":""},"categories":[78,54],"tags":[],"class_list":["post-143167","post","type-post","status-publish","format-standard","hentry","category-economie","category-maroc"],"_links":{"self":[{"href":"https:\/\/linitiative.ca\/International\/wp-json\/wp\/v2\/posts\/143167","targetHints":{"allow":["GET"]}}],"collection":[{"href":"https:\/\/linitiative.ca\/International\/wp-json\/wp\/v2\/posts"}],"about":[{"href":"https:\/\/linitiative.ca\/International\/wp-json\/wp\/v2\/types\/post"}],"author":[{"embeddable":true,"href":"https:\/\/linitiative.ca\/International\/wp-json\/wp\/v2\/users\/1763"}],"replies":[{"embeddable":true,"href":"https:\/\/linitiative.ca\/International\/wp-json\/wp\/v2\/comments?post=143167"}],"version-history":[{"count":0,"href":"https:\/\/linitiative.ca\/International\/wp-json\/wp\/v2\/posts\/143167\/revisions"}],"wp:attachment":[{"href":"https:\/\/linitiative.ca\/International\/wp-json\/wp\/v2\/media?parent=143167"}],"wp:term":[{"taxonomy":"category","embeddable":true,"href":"https:\/\/linitiative.ca\/International\/wp-json\/wp\/v2\/categories?post=143167"},{"taxonomy":"post_tag","embeddable":true,"href":"https:\/\/linitiative.ca\/International\/wp-json\/wp\/v2\/tags?post=143167"}],"curies":[{"name":"wp","href":"https:\/\/api.w.org\/{rel}","templated":true}]}}