{"id":143170,"date":"2022-03-15T00:15:00","date_gmt":"2022-03-15T04:15:00","guid":{"rendered":"https:\/\/linitiative.ca\/International\/real-benzema-devient-le-meilleur-buteur-francais-de-lhistoire-video\/"},"modified":"2022-03-15T00:15:00","modified_gmt":"2022-03-15T04:15:00","slug":"real-benzema-devient-le-meilleur-buteur-francais-de-lhistoire-video","status":"publish","type":"post","link":"https:\/\/linitiative.ca\/International\/real-benzema-devient-le-meilleur-buteur-francais-de-lhistoire-video\/","title":{"rendered":"Real : Benzema devient le meilleur buteur fran\u00e7ais de l&rsquo;histoire (Vid\u00e9o)"},"content":{"rendered":"<div>Cinq jours apr\u00e8s avoir \u00e9limin\u00e9 le PSG gr\u00e2ce \u00e0 son tripl\u00e9 (3-1), Karim Benzema (34 ans) a encore fait des merveilles avec le Real Madrid<\/div>\n<p>Auteur:<br \/>\n<a href=\"https:\/\/www.lebuteur.com\/article\/detail?titre=real-benzema-devient-le-meilleur-buteur-francais-de-lhistoire-video&#038;id=102494\">Cliquez ici pour lire l&rsquo;article depuis sa source.<\/a><\/p>\n","protected":false},"excerpt":{"rendered":"<p>Cinq jours apr\u00e8s avoir \u00e9limin\u00e9 le PSG gr\u00e2ce \u00e0 son tripl\u00e9 (3-1), Karim Benzema (34 ans) a encore fait des merveilles avec le Real Madrid Auteur: Cliquez ici pour lire l&rsquo;article depuis sa source.<\/p>\n","protected":false},"author":1738,"featured_media":0,"comment_status":"closed","ping_status":"closed","sticky":false,"template":"","format":"standard","meta":{"fifu_image_url":"","fifu_image_alt":"","footnotes":""},"categories":[53,75],"tags":[],"class_list":["post-143170","post","type-post","status-publish","format-standard","hentry","category-algerie","category-sport"],"_links":{"self":[{"href":"https:\/\/linitiative.ca\/International\/wp-json\/wp\/v2\/posts\/143170","targetHints":{"allow":["GET"]}}],"collection":[{"href":"https:\/\/linitiative.ca\/International\/wp-json\/wp\/v2\/posts"}],"about":[{"href":"https:\/\/linitiative.ca\/International\/wp-json\/wp\/v2\/types\/post"}],"author":[{"embeddable":true,"href":"https:\/\/linitiative.ca\/International\/wp-json\/wp\/v2\/users\/1738"}],"replies":[{"embeddable":true,"href":"https:\/\/linitiative.ca\/International\/wp-json\/wp\/v2\/comments?post=143170"}],"version-history":[{"count":0,"href":"https:\/\/linitiative.ca\/International\/wp-json\/wp\/v2\/posts\/143170\/revisions"}],"wp:attachment":[{"href":"https:\/\/linitiative.ca\/International\/wp-json\/wp\/v2\/media?parent=143170"}],"wp:term":[{"taxonomy":"category","embeddable":true,"href":"https:\/\/linitiative.ca\/International\/wp-json\/wp\/v2\/categories?post=143170"},{"taxonomy":"post_tag","embeddable":true,"href":"https:\/\/linitiative.ca\/International\/wp-json\/wp\/v2\/tags?post=143170"}],"curies":[{"name":"wp","href":"https:\/\/api.w.org\/{rel}","templated":true}]}}