{"id":143174,"date":"2022-03-15T04:20:00","date_gmt":"2022-03-15T08:20:00","guid":{"rendered":"https:\/\/linitiative.ca\/International\/tunisie-quavons-nous-fait-de-notre-patrimoine-religieux-reflexion-sur-un-patrimoine-catholique-en-devenir\/"},"modified":"2022-03-15T04:20:00","modified_gmt":"2022-03-15T08:20:00","slug":"tunisie-quavons-nous-fait-de-notre-patrimoine-religieux-reflexion-sur-un-patrimoine-catholique-en-devenir","status":"publish","type":"post","link":"https:\/\/linitiative.ca\/International\/tunisie-quavons-nous-fait-de-notre-patrimoine-religieux-reflexion-sur-un-patrimoine-catholique-en-devenir\/","title":{"rendered":"Tunisie: Qu\u2019avons-nous fait de notre patrimoine religieux ? R\u00e9flexion sur un patrimoine catholique en devenir"},"content":{"rendered":"<div><img decoding=\"async\" src=\"https:\/\/linitiative.ca\/International\/wp-content\/uploads\/sites\/23\/2022\/03\/1647330525_article.jpg\" alt=\"Tunisie: Qu\u2019avons-nous fait de notre patrimoine religieux ? R\u00e9flexion sur un patrimoine catholique en devenir\" align=\"left\">Par Adnen el Ghali &#8211; En acc\u00e9dant \u00e0 l\u2019ind\u00e9pendance en mars 1956, le Royaume de Tunisie offrait toutes les apparences d\u2019un cosmopolitisme accompli. Malgr\u00e9 les tentatives de d\u00e9stabilisation port\u00e9es par l\u2019esprit colonial, la soci\u00e9t\u00e9 tunisienne vivait une cohabitation harmonieuse des diff\u00e9rentes communaut\u00e9s religieuses qui la composaient. Le Cheikh el Islam, l\u2019Archev\u00eaque catholique et le Grand-rabbin en \u00e9taient les piliers institutionnels et jouissaient de positions \u00e9lev\u00e9es \u00e0 la Cour de Mohamed Lamine Bey, XIXe possesseur du Royaume de Tunisie.<br \/>\nSi les fonctionnaires fran\u00e7ais ont quitt\u00e9 le pays peu apr\u00e8s la proclamation de l\u2019ind\u00e9pendance, les communaut\u00e9s &#8230;<\/p>\n<\/div>\n<p>Auteur:<br \/>\n<a href=\"https:\/\/www.leaders.com.tn\/article\/33093-tunisie-qu-avons-nous-fait-de-notre-patrimoine-religieux-reflexion-sur-un-patrimoine-catholique-en-devenir\">Cliquez ici pour lire l&rsquo;article depuis sa source.<\/a><\/p>\n","protected":false},"excerpt":{"rendered":"<p>Par Adnen el Ghali &#8211; En acc\u00e9dant \u00e0 l\u2019ind\u00e9pendance en mars 1956, le Royaume de Tunisie offrait toutes les apparences d\u2019un cosmopolitisme accompli. Malgr\u00e9 les tentatives de d\u00e9stabilisation port\u00e9es par l\u2019esprit colonial, la soci\u00e9t\u00e9 tunisienne vivait une cohabitation harmonieuse des diff\u00e9rentes communaut\u00e9s religieuses qui la composaient. Le Cheikh el Islam, l\u2019Archev\u00eaque catholique et le Grand-rabbin [&hellip;]<\/p>\n","protected":false},"author":1772,"featured_media":0,"comment_status":"closed","ping_status":"closed","sticky":false,"template":"","format":"standard","meta":{"fifu_image_url":"http:\/\/www.leaders.com.tn\/uploads\/content\/thumbnails_small\/1647330525_article.jpg","fifu_image_alt":"Tunisie: Qu\u2019avons-nous fait de notre patrimoine religieux ? R\u00e9flexion sur un patrimoine catholique en devenir","footnotes":""},"categories":[73,55],"tags":[],"class_list":["post-143174","post","type-post","status-publish","format-standard","hentry","category-actualite","category-tunisie"],"_links":{"self":[{"href":"https:\/\/linitiative.ca\/International\/wp-json\/wp\/v2\/posts\/143174","targetHints":{"allow":["GET"]}}],"collection":[{"href":"https:\/\/linitiative.ca\/International\/wp-json\/wp\/v2\/posts"}],"about":[{"href":"https:\/\/linitiative.ca\/International\/wp-json\/wp\/v2\/types\/post"}],"author":[{"embeddable":true,"href":"https:\/\/linitiative.ca\/International\/wp-json\/wp\/v2\/users\/1772"}],"replies":[{"embeddable":true,"href":"https:\/\/linitiative.ca\/International\/wp-json\/wp\/v2\/comments?post=143174"}],"version-history":[{"count":0,"href":"https:\/\/linitiative.ca\/International\/wp-json\/wp\/v2\/posts\/143174\/revisions"}],"wp:attachment":[{"href":"https:\/\/linitiative.ca\/International\/wp-json\/wp\/v2\/media?parent=143174"}],"wp:term":[{"taxonomy":"category","embeddable":true,"href":"https:\/\/linitiative.ca\/International\/wp-json\/wp\/v2\/categories?post=143174"},{"taxonomy":"post_tag","embeddable":true,"href":"https:\/\/linitiative.ca\/International\/wp-json\/wp\/v2\/tags?post=143174"}],"curies":[{"name":"wp","href":"https:\/\/api.w.org\/{rel}","templated":true}]}}