{"id":143178,"date":"2022-03-15T10:27:00","date_gmt":"2022-03-15T14:27:00","guid":{"rendered":"https:\/\/linitiative.ca\/International\/tunisie-de-la-censure-a-la-liberte-de-presse\/"},"modified":"2022-03-15T10:27:00","modified_gmt":"2022-03-15T14:27:00","slug":"tunisie-de-la-censure-a-la-liberte-de-presse","status":"publish","type":"post","link":"https:\/\/linitiative.ca\/International\/tunisie-de-la-censure-a-la-liberte-de-presse\/","title":{"rendered":"Tunisie : De la censure \u00e0 la libert\u00e9 de presse"},"content":{"rendered":"<div><img decoding=\"async\" src=\"https:\/\/linitiative.ca\/International\/wp-content\/uploads\/sites\/23\/2022\/03\/1647355282_article.jpg\" alt=\"Tunisie : De la censure \u00e0 la libert\u00e9 de presse \" align=\"left\">Par Abdelkader Maalej &#8211; Tout au cours de cette d\u00e9cennie qui vient juste de s\u2019\u00e9couler on n\u2019a pas cess\u00e9 de radoter dans tous les plateaux radio diffus\u00e9s et t\u00e9l\u00e9vis\u00e9s que la seule chose gagn\u00e9e depuis le 14 janvier 2011 n\u2019est autre que la libert\u00e9 de presse et d\u2019expression. Quant \u00e0 la situation politique et surtout \u00e9conomique elle n\u2019a pas cess\u00e9 de se d\u00e9grader et elle est maintenant catastrophique; le pays disent d\u2019aucuns et non des moindres est au bord du gouffre. Apr\u00e8s la crise sanitaire qui n\u2019est pas encore\u00a0 r\u00e9volue voil\u00e0 maintenant la guerre rageant entre la Russie et l\u2019Ukraine deux pays pourtant voisins parlant la m\u00eame langue et ayant \u00e9t\u00e9 pendant un bon &#8230;<\/p>\n<\/div>\n<p>Auteur:<br \/>\n<a href=\"https:\/\/www.leaders.com.tn\/article\/33097-tunisie-de-la-censure-a-la-liberte-de-presse\">Cliquez ici pour lire l&rsquo;article depuis sa source.<\/a><\/p>\n","protected":false},"excerpt":{"rendered":"<p>Par Abdelkader Maalej &#8211; Tout au cours de cette d\u00e9cennie qui vient juste de s\u2019\u00e9couler on n\u2019a pas cess\u00e9 de radoter dans tous les plateaux radio diffus\u00e9s et t\u00e9l\u00e9vis\u00e9s que la seule chose gagn\u00e9e depuis le 14 janvier 2011 n\u2019est autre que la libert\u00e9 de presse et d\u2019expression. Quant \u00e0 la situation politique et surtout [&hellip;]<\/p>\n","protected":false},"author":1772,"featured_media":0,"comment_status":"closed","ping_status":"closed","sticky":false,"template":"","format":"standard","meta":{"fifu_image_url":"http:\/\/www.leaders.com.tn\/uploads\/content\/thumbnails_small\/1647355282_article.jpg","fifu_image_alt":"Tunisie : De la censure \u00e0 la libert\u00e9 de presse","footnotes":""},"categories":[73,55],"tags":[],"class_list":["post-143178","post","type-post","status-publish","format-standard","hentry","category-actualite","category-tunisie"],"_links":{"self":[{"href":"https:\/\/linitiative.ca\/International\/wp-json\/wp\/v2\/posts\/143178","targetHints":{"allow":["GET"]}}],"collection":[{"href":"https:\/\/linitiative.ca\/International\/wp-json\/wp\/v2\/posts"}],"about":[{"href":"https:\/\/linitiative.ca\/International\/wp-json\/wp\/v2\/types\/post"}],"author":[{"embeddable":true,"href":"https:\/\/linitiative.ca\/International\/wp-json\/wp\/v2\/users\/1772"}],"replies":[{"embeddable":true,"href":"https:\/\/linitiative.ca\/International\/wp-json\/wp\/v2\/comments?post=143178"}],"version-history":[{"count":0,"href":"https:\/\/linitiative.ca\/International\/wp-json\/wp\/v2\/posts\/143178\/revisions"}],"wp:attachment":[{"href":"https:\/\/linitiative.ca\/International\/wp-json\/wp\/v2\/media?parent=143178"}],"wp:term":[{"taxonomy":"category","embeddable":true,"href":"https:\/\/linitiative.ca\/International\/wp-json\/wp\/v2\/categories?post=143178"},{"taxonomy":"post_tag","embeddable":true,"href":"https:\/\/linitiative.ca\/International\/wp-json\/wp\/v2\/tags?post=143178"}],"curies":[{"name":"wp","href":"https:\/\/api.w.org\/{rel}","templated":true}]}}