{"id":143180,"date":"2022-03-15T11:46:00","date_gmt":"2022-03-15T15:46:00","guid":{"rendered":"https:\/\/linitiative.ca\/International\/khelil-chaibi-nouveau-president-de-la-chambre-tuniso-francaise-de-commerce-et-dindustrie-ctfci\/"},"modified":"2022-03-15T11:46:00","modified_gmt":"2022-03-15T15:46:00","slug":"khelil-chaibi-nouveau-president-de-la-chambre-tuniso-francaise-de-commerce-et-dindustrie-ctfci","status":"publish","type":"post","link":"https:\/\/linitiative.ca\/International\/khelil-chaibi-nouveau-president-de-la-chambre-tuniso-francaise-de-commerce-et-dindustrie-ctfci\/","title":{"rendered":"Kh\u00e9lil Chaibi, nouveau pr\u00e9sident de la Chambre Tuniso-Fran\u00e7aise de Commerce et d&rsquo;Industrie (CTFCI)"},"content":{"rendered":"<div><img decoding=\"async\" src=\"https:\/\/linitiative.ca\/International\/wp-content\/uploads\/sites\/23\/2022\/03\/1647355766_article.jpg\" alt=\"Kh\u00e9lil Chaibi \u00e9lu nouveau pr\u00e9sident de la CTFCI\" align=\"left\">Le nouveau comit\u00e9 directeur de la CTFCI, qui a tenu aujourd\u2019hui, mardi 15 mars, sa premi\u00e8re r\u00e9union, a \u00e9lu \u00e0 l\u2019unanimit\u00e9 des membres pr\u00e9sents M Kh\u00e9lil Chaibi, en tant que nouveau Pr\u00e9sident de la Chambre Tuniso-Fran\u00e7aise de Commerce et d&rsquo;Industrie (CTFCI) pour le mandat 2022-2024.<br \/>\nM Kh\u00e9lil Chaibi, Chef d&rsquo;entreprise au sein du groupe UTIC, est le 5\u00e8me pr\u00e9sident de la chambre dont la cr\u00e9ation remonte \u00e0 1974.<br \/>\nIl succ\u00e8de ainsi \u00e0 M Foued Lakhoua qui a largement contribu\u00e9 \u00e0 la notori\u00e9t\u00e9 de la CTFCI ainsi qu&rsquo;\u00e0 l&rsquo;impulsion des relations \u00e9conomiques Tuniso-Fran\u00e7aises<br \/>\nIl est \u00e0 noter que le nouveau comit\u00e9 directeur de la chambre, form\u00e9 de 50 membres, a \u00e9t\u00e9 \u00e9lu le 10 &#8230;<\/p>\n<\/div>\n<p>Auteur:<br \/>\n<a href=\"https:\/\/www.leaders.com.tn\/article\/33098-khelil-chaibi-elu-nouveau-president-de-la-ctfci\">Cliquez ici pour lire l&rsquo;article depuis sa source.<\/a><\/p>\n","protected":false},"excerpt":{"rendered":"<p>Le nouveau comit\u00e9 directeur de la CTFCI, qui a tenu aujourd\u2019hui, mardi 15 mars, sa premi\u00e8re r\u00e9union, a \u00e9lu \u00e0 l\u2019unanimit\u00e9 des membres pr\u00e9sents M Kh\u00e9lil Chaibi, en tant que nouveau Pr\u00e9sident de la Chambre Tuniso-Fran\u00e7aise de Commerce et d&rsquo;Industrie (CTFCI) pour le mandat 2022-2024. M Kh\u00e9lil Chaibi, Chef d&rsquo;entreprise au sein du groupe UTIC, [&hellip;]<\/p>\n","protected":false},"author":1772,"featured_media":0,"comment_status":"closed","ping_status":"closed","sticky":false,"template":"","format":"standard","meta":{"fifu_image_url":"http:\/\/www.leaders.com.tn\/uploads\/content\/thumbnails_small\/1647355766_article.jpg","fifu_image_alt":"<div>Kh\u00e9lil Chaibi, nouveau pr\u00e9sident de la Chambre Tuniso-Fran\u00e7aise de Commerce et d'Industrie (CTFCI)<\/div>","footnotes":""},"categories":[73,55],"tags":[],"class_list":["post-143180","post","type-post","status-publish","format-standard","hentry","category-actualite","category-tunisie"],"_links":{"self":[{"href":"https:\/\/linitiative.ca\/International\/wp-json\/wp\/v2\/posts\/143180","targetHints":{"allow":["GET"]}}],"collection":[{"href":"https:\/\/linitiative.ca\/International\/wp-json\/wp\/v2\/posts"}],"about":[{"href":"https:\/\/linitiative.ca\/International\/wp-json\/wp\/v2\/types\/post"}],"author":[{"embeddable":true,"href":"https:\/\/linitiative.ca\/International\/wp-json\/wp\/v2\/users\/1772"}],"replies":[{"embeddable":true,"href":"https:\/\/linitiative.ca\/International\/wp-json\/wp\/v2\/comments?post=143180"}],"version-history":[{"count":0,"href":"https:\/\/linitiative.ca\/International\/wp-json\/wp\/v2\/posts\/143180\/revisions"}],"wp:attachment":[{"href":"https:\/\/linitiative.ca\/International\/wp-json\/wp\/v2\/media?parent=143180"}],"wp:term":[{"taxonomy":"category","embeddable":true,"href":"https:\/\/linitiative.ca\/International\/wp-json\/wp\/v2\/categories?post=143180"},{"taxonomy":"post_tag","embeddable":true,"href":"https:\/\/linitiative.ca\/International\/wp-json\/wp\/v2\/tags?post=143180"}],"curies":[{"name":"wp","href":"https:\/\/api.w.org\/{rel}","templated":true}]}}