{"id":143182,"date":"2022-03-15T08:06:14","date_gmt":"2022-03-15T12:06:14","guid":{"rendered":"https:\/\/linitiative.ca\/International\/entrepreneuriat-le-gouvernement-lance-le-programme-forsa\/"},"modified":"2022-03-15T08:06:14","modified_gmt":"2022-03-15T12:06:14","slug":"entrepreneuriat-le-gouvernement-lance-le-programme-forsa","status":"publish","type":"post","link":"https:\/\/linitiative.ca\/International\/entrepreneuriat-le-gouvernement-lance-le-programme-forsa\/","title":{"rendered":"Entrepreneuriat. Le gouvernement lance le programme Forsa"},"content":{"rendered":"<div><img decoding=\"async\" width=\"869\" height=\"546\" src=\"https:\/\/linitiative.ca\/International\/wp-content\/uploads\/sites\/23\/2022\/03\/entrepreneuriat.jpg\" class=\"attachment-post-thumbnail size-post-thumbnail wp-post-image\" alt=\"\" loading=\"lazy\" srcset=\"https:\/\/linitiative.ca\/International\/wp-content\/uploads\/sites\/23\/2022\/03\/entrepreneuriat.jpg 869w, https:\/\/www.challenge.ma\/wp-content\/uploads\/2021\/01\/entrepreneuriat-300x188.jpg 300w, https:\/\/www.challenge.ma\/wp-content\/uploads\/2021\/01\/entrepreneuriat-768x483.jpg 768w, https:\/\/www.challenge.ma\/wp-content\/uploads\/2021\/01\/entrepreneuriat-360x226.jpg 360w, https:\/\/www.challenge.ma\/wp-content\/uploads\/2021\/01\/entrepreneuriat-750x471.jpg 750w\" sizes=\"auto, (max-width: 869px) 100vw, 869px\" itemprop=\"image\">Pour encourager l\u2019entrepreneuriat chez les jeunes, l\u2019Ex\u00e9cutif lance le programme Forsa. Il s\u2019agit d\u2019un programme ambitieux et novateur qui s\u2019adresse \u00e0 toutes les personnes \u00e2g\u00e9es de plus de 18 ans porteuses d\u2019id\u00e9es ou de projets d\u2019entrepreneuriat. Le gouvernement explique que ce programme national fait suite aux Hautes Orientations Royales pour<\/div>\n<p>Auteur: challenge<br \/>\n<a href=\"https:\/\/www.challenge.ma\/entrepreneuriat-le-gouvernement-lance-le-programme-forsa-234572\/\">Cliquez ici pour lire l&rsquo;article depuis sa source.<\/a><\/p>\n","protected":false},"excerpt":{"rendered":"<p>Pour encourager l\u2019entrepreneuriat chez les jeunes, l\u2019Ex\u00e9cutif lance le programme Forsa. Il s\u2019agit d\u2019un programme ambitieux et novateur qui s\u2019adresse \u00e0 toutes les personnes \u00e2g\u00e9es de plus de 18 ans porteuses d\u2019id\u00e9es ou de projets d\u2019entrepreneuriat. Le gouvernement explique que ce programme national fait suite aux Hautes Orientations Royales pour Auteur: challenge Cliquez ici pour [&hellip;]<\/p>\n","protected":false},"author":1787,"featured_media":0,"comment_status":"closed","ping_status":"closed","sticky":false,"template":"","format":"standard","meta":{"fifu_image_url":"https:\/\/www.challenge.ma\/wp-content\/uploads\/2021\/01\/entrepreneuriat.jpg","fifu_image_alt":"Entrepreneuriat. Le gouvernement lance le programme Forsa","footnotes":""},"categories":[78,54],"tags":[],"class_list":["post-143182","post","type-post","status-publish","format-standard","hentry","category-economie","category-maroc"],"_links":{"self":[{"href":"https:\/\/linitiative.ca\/International\/wp-json\/wp\/v2\/posts\/143182","targetHints":{"allow":["GET"]}}],"collection":[{"href":"https:\/\/linitiative.ca\/International\/wp-json\/wp\/v2\/posts"}],"about":[{"href":"https:\/\/linitiative.ca\/International\/wp-json\/wp\/v2\/types\/post"}],"author":[{"embeddable":true,"href":"https:\/\/linitiative.ca\/International\/wp-json\/wp\/v2\/users\/1787"}],"replies":[{"embeddable":true,"href":"https:\/\/linitiative.ca\/International\/wp-json\/wp\/v2\/comments?post=143182"}],"version-history":[{"count":0,"href":"https:\/\/linitiative.ca\/International\/wp-json\/wp\/v2\/posts\/143182\/revisions"}],"wp:attachment":[{"href":"https:\/\/linitiative.ca\/International\/wp-json\/wp\/v2\/media?parent=143182"}],"wp:term":[{"taxonomy":"category","embeddable":true,"href":"https:\/\/linitiative.ca\/International\/wp-json\/wp\/v2\/categories?post=143182"},{"taxonomy":"post_tag","embeddable":true,"href":"https:\/\/linitiative.ca\/International\/wp-json\/wp\/v2\/tags?post=143182"}],"curies":[{"name":"wp","href":"https:\/\/api.w.org\/{rel}","templated":true}]}}