{"id":143184,"date":"2022-03-15T09:21:13","date_gmt":"2022-03-15T13:21:13","guid":{"rendered":"https:\/\/linitiative.ca\/International\/la-berd-donne-un-coup-de-boost-aux-startups-marocaines\/"},"modified":"2022-03-15T09:21:13","modified_gmt":"2022-03-15T13:21:13","slug":"la-berd-donne-un-coup-de-boost-aux-startups-marocaines","status":"publish","type":"post","link":"https:\/\/linitiative.ca\/International\/la-berd-donne-un-coup-de-boost-aux-startups-marocaines\/","title":{"rendered":"La BERD donne un coup de boost aux startups marocaines"},"content":{"rendered":"<div><img decoding=\"async\" width=\"1000\" height=\"578\" src=\"https:\/\/linitiative.ca\/International\/wp-content\/uploads\/sites\/23\/2022\/03\/immigrants-founded-over-half-of-1-billion-startups-in-u-s.jpg\" class=\"attachment-post-thumbnail size-post-thumbnail wp-post-image\" alt=\"\" loading=\"lazy\" srcset=\"https:\/\/linitiative.ca\/International\/wp-content\/uploads\/sites\/23\/2022\/03\/immigrants-founded-over-half-of-1-billion-startups-in-u-s.jpg 1000w, https:\/\/www.challenge.ma\/wp-content\/uploads\/2019\/04\/immigrants-founded-over-half-of-1-billion-startups-in-u-s-300x173.jpg 300w, https:\/\/www.challenge.ma\/wp-content\/uploads\/2019\/04\/immigrants-founded-over-half-of-1-billion-startups-in-u-s-768x444.jpg 768w, https:\/\/www.challenge.ma\/wp-content\/uploads\/2019\/04\/immigrants-founded-over-half-of-1-billion-startups-in-u-s-360x208.jpg 360w, https:\/\/www.challenge.ma\/wp-content\/uploads\/2019\/04\/immigrants-founded-over-half-of-1-billion-startups-in-u-s-750x434.jpg 750w\" sizes=\"auto, (max-width: 1000px) 100vw, 1000px\" itemprop=\"image\">C\u2019est un nouveau renfort pour les startups marocaines. La Banque europ\u00e9enne pour la reconstruction et le d\u00e9veloppement (BERD) vient en effet de lancer un nouveau programme d\u00e9di\u00e9 aux startups du royaume. Le programme, baptis\u00e9 \u00ab\u00a0Star Venture\u00a0\u00bb, vise \u00e0 identifier des startups \u00e0 fort potentiel en vue de leur proposer un<\/div>\n<p>Auteur: challenge<br \/>\n<a href=\"https:\/\/www.challenge.ma\/la-berd-donne-un-coup-de-boost-aux-startups-marocaines-234577\/\">Cliquez ici pour lire l&rsquo;article depuis sa source.<\/a><\/p>\n","protected":false},"excerpt":{"rendered":"<p>C\u2019est un nouveau renfort pour les startups marocaines. La Banque europ\u00e9enne pour la reconstruction et le d\u00e9veloppement (BERD) vient en effet de lancer un nouveau programme d\u00e9di\u00e9 aux startups du royaume. Le programme, baptis\u00e9 \u00ab\u00a0Star Venture\u00a0\u00bb, vise \u00e0 identifier des startups \u00e0 fort potentiel en vue de leur proposer un Auteur: challenge Cliquez ici pour [&hellip;]<\/p>\n","protected":false},"author":1787,"featured_media":0,"comment_status":"closed","ping_status":"closed","sticky":false,"template":"","format":"standard","meta":{"fifu_image_url":"https:\/\/www.challenge.ma\/wp-content\/uploads\/2019\/04\/immigrants-founded-over-half-of-1-billion-startups-in-u-s.jpg","fifu_image_alt":"La BERD donne un coup de boost aux startups marocaines","footnotes":""},"categories":[78,54],"tags":[],"class_list":["post-143184","post","type-post","status-publish","format-standard","hentry","category-economie","category-maroc"],"_links":{"self":[{"href":"https:\/\/linitiative.ca\/International\/wp-json\/wp\/v2\/posts\/143184","targetHints":{"allow":["GET"]}}],"collection":[{"href":"https:\/\/linitiative.ca\/International\/wp-json\/wp\/v2\/posts"}],"about":[{"href":"https:\/\/linitiative.ca\/International\/wp-json\/wp\/v2\/types\/post"}],"author":[{"embeddable":true,"href":"https:\/\/linitiative.ca\/International\/wp-json\/wp\/v2\/users\/1787"}],"replies":[{"embeddable":true,"href":"https:\/\/linitiative.ca\/International\/wp-json\/wp\/v2\/comments?post=143184"}],"version-history":[{"count":0,"href":"https:\/\/linitiative.ca\/International\/wp-json\/wp\/v2\/posts\/143184\/revisions"}],"wp:attachment":[{"href":"https:\/\/linitiative.ca\/International\/wp-json\/wp\/v2\/media?parent=143184"}],"wp:term":[{"taxonomy":"category","embeddable":true,"href":"https:\/\/linitiative.ca\/International\/wp-json\/wp\/v2\/categories?post=143184"},{"taxonomy":"post_tag","embeddable":true,"href":"https:\/\/linitiative.ca\/International\/wp-json\/wp\/v2\/tags?post=143184"}],"curies":[{"name":"wp","href":"https:\/\/api.w.org\/{rel}","templated":true}]}}