{"id":143186,"date":"2022-03-15T10:24:17","date_gmt":"2022-03-15T14:24:17","guid":{"rendered":"https:\/\/linitiative.ca\/International\/maroc-israel-la-cgem-et-iebo-signent-un-accord-de-partenariat-strategique\/"},"modified":"2022-03-15T10:24:17","modified_gmt":"2022-03-15T14:24:17","slug":"maroc-israel-la-cgem-et-iebo-signent-un-accord-de-partenariat-strategique","status":"publish","type":"post","link":"https:\/\/linitiative.ca\/International\/maroc-israel-la-cgem-et-iebo-signent-un-accord-de-partenariat-strategique\/","title":{"rendered":"Maroc-Isra\u00ebl. La CGEM et IEBO signent un accord de partenariat strat\u00e9gique"},"content":{"rendered":"<div><img decoding=\"async\" width=\"1154\" height=\"940\" src=\"https:\/\/linitiative.ca\/International\/wp-content\/uploads\/sites\/23\/2022\/03\/IMG_20220315_151409.jpg\" class=\"attachment-post-thumbnail size-post-thumbnail wp-post-image\" alt=\"\" loading=\"lazy\" srcset=\"https:\/\/linitiative.ca\/International\/wp-content\/uploads\/sites\/23\/2022\/03\/IMG_20220315_151409.jpg 1154w, https:\/\/www.challenge.ma\/wp-content\/uploads\/2022\/03\/IMG_20220315_151409-300x244.jpg 300w, https:\/\/www.challenge.ma\/wp-content\/uploads\/2022\/03\/IMG_20220315_151409-1024x834.jpg 1024w, https:\/\/www.challenge.ma\/wp-content\/uploads\/2022\/03\/IMG_20220315_151409-768x626.jpg 768w, https:\/\/www.challenge.ma\/wp-content\/uploads\/2022\/03\/IMG_20220315_151409-360x293.jpg 360w, https:\/\/www.challenge.ma\/wp-content\/uploads\/2022\/03\/IMG_20220315_151409-750x611.jpg 750w\" sizes=\"auto, (max-width: 1154px) 100vw, 1154px\" itemprop=\"image\">La Conf\u00e9d\u00e9ration G\u00e9n\u00e9rale des Entreprises du Maroc (CGEM) et Israeli Business and Employers Association (IEBO) affermissent leur relation. Les deux institutions viennent de signer un accord de partenariat strat\u00e9gique \u00e0 Tel-Aviv, en marge du forum \u00e9conomique Isra\u00ebl-Maroc. C\u2019est un forum \u00e9conomique qui s\u2019est tenu, le 15 mars, \u00e0 l\u2019initiative de<\/div>\n<p>Auteur: challenge<br \/>\n<a href=\"https:\/\/www.challenge.ma\/maroc-israel-la-cgem-et-iebo-signent-un-accord-de-partenariat-strategique-234603\/\">Cliquez ici pour lire l&rsquo;article depuis sa source.<\/a><\/p>\n","protected":false},"excerpt":{"rendered":"<p>La Conf\u00e9d\u00e9ration G\u00e9n\u00e9rale des Entreprises du Maroc (CGEM) et Israeli Business and Employers Association (IEBO) affermissent leur relation. Les deux institutions viennent de signer un accord de partenariat strat\u00e9gique \u00e0 Tel-Aviv, en marge du forum \u00e9conomique Isra\u00ebl-Maroc. C\u2019est un forum \u00e9conomique qui s\u2019est tenu, le 15 mars, \u00e0 l\u2019initiative de Auteur: challenge Cliquez ici pour [&hellip;]<\/p>\n","protected":false},"author":1787,"featured_media":0,"comment_status":"closed","ping_status":"closed","sticky":false,"template":"","format":"standard","meta":{"fifu_image_url":"https:\/\/www.challenge.ma\/wp-content\/uploads\/2022\/03\/IMG_20220315_151409.jpg","fifu_image_alt":"Maroc-Isra\u00ebl. La CGEM et IEBO signent un accord de partenariat strat\u00e9gique","footnotes":""},"categories":[78,54],"tags":[],"class_list":["post-143186","post","type-post","status-publish","format-standard","hentry","category-economie","category-maroc"],"_links":{"self":[{"href":"https:\/\/linitiative.ca\/International\/wp-json\/wp\/v2\/posts\/143186","targetHints":{"allow":["GET"]}}],"collection":[{"href":"https:\/\/linitiative.ca\/International\/wp-json\/wp\/v2\/posts"}],"about":[{"href":"https:\/\/linitiative.ca\/International\/wp-json\/wp\/v2\/types\/post"}],"author":[{"embeddable":true,"href":"https:\/\/linitiative.ca\/International\/wp-json\/wp\/v2\/users\/1787"}],"replies":[{"embeddable":true,"href":"https:\/\/linitiative.ca\/International\/wp-json\/wp\/v2\/comments?post=143186"}],"version-history":[{"count":0,"href":"https:\/\/linitiative.ca\/International\/wp-json\/wp\/v2\/posts\/143186\/revisions"}],"wp:attachment":[{"href":"https:\/\/linitiative.ca\/International\/wp-json\/wp\/v2\/media?parent=143186"}],"wp:term":[{"taxonomy":"category","embeddable":true,"href":"https:\/\/linitiative.ca\/International\/wp-json\/wp\/v2\/categories?post=143186"},{"taxonomy":"post_tag","embeddable":true,"href":"https:\/\/linitiative.ca\/International\/wp-json\/wp\/v2\/tags?post=143186"}],"curies":[{"name":"wp","href":"https:\/\/api.w.org\/{rel}","templated":true}]}}