{"id":143188,"date":"2022-03-15T10:45:55","date_gmt":"2022-03-15T14:45:55","guid":{"rendered":"https:\/\/linitiative.ca\/International\/coup-denvoi-de-la-6eme-edition-de-laerospace-meetings-casablanca\/"},"modified":"2022-03-15T10:45:55","modified_gmt":"2022-03-15T14:45:55","slug":"coup-denvoi-de-la-6eme-edition-de-laerospace-meetings-casablanca","status":"publish","type":"post","link":"https:\/\/linitiative.ca\/International\/coup-denvoi-de-la-6eme-edition-de-laerospace-meetings-casablanca\/","title":{"rendered":"Coup d\u2019envoi de la 6\u00e8me \u00e9dition de l\u2019Aerospace Meetings Casablanca"},"content":{"rendered":"<div><img decoding=\"async\" width=\"1532\" height=\"568\" src=\"https:\/\/linitiative.ca\/International\/wp-content\/uploads\/sites\/23\/2022\/03\/Aerospace-meetings-Casablanca-3.jpeg\" class=\"attachment-post-thumbnail size-post-thumbnail wp-post-image\" alt=\"\" loading=\"lazy\" srcset=\"https:\/\/linitiative.ca\/International\/wp-content\/uploads\/sites\/23\/2022\/03\/Aerospace-meetings-Casablanca-3.jpeg 1532w, https:\/\/www.challenge.ma\/wp-content\/uploads\/2022\/03\/Aerospace-meetings-Casablanca-3-300x111.jpeg 300w, https:\/\/www.challenge.ma\/wp-content\/uploads\/2022\/03\/Aerospace-meetings-Casablanca-3-1024x380.jpeg 1024w, https:\/\/www.challenge.ma\/wp-content\/uploads\/2022\/03\/Aerospace-meetings-Casablanca-3-768x285.jpeg 768w, https:\/\/www.challenge.ma\/wp-content\/uploads\/2022\/03\/Aerospace-meetings-Casablanca-3-360x133.jpeg 360w, https:\/\/www.challenge.ma\/wp-content\/uploads\/2022\/03\/Aerospace-meetings-Casablanca-3-750x278.jpeg 750w\" sizes=\"auto, (max-width: 1532px) 100vw, 1532px\" itemprop=\"image\">Le coup d\u2019envoi de la sixi\u00e8me \u00e9dition de l\u2019 \u00ab\u00a0Aerospace Meetings Casablanca\u00a0\u00bb a \u00e9t\u00e9 donn\u00e9 aujourd\u2019hui, mardi 15 mars 2022, par Ryad Mezzour, ministre de l\u2019industrie et du commerce. L\u2019 \u00e9v\u00e8nement r\u00e9unira du 15 au 17 mars 2022 l\u2019ensemble des op\u00e9rateurs du secteur implant\u00e9s au Maroc et des donneurs d\u2019ordre<\/div>\n<p>Auteur: Mehdi Ouazzani<br \/>\n<a href=\"https:\/\/www.challenge.ma\/la-6eme-edition-de-laerospace-meetings-casablanca-se-tient-du-15-au-17-mars-2022-234599\/\">Cliquez ici pour lire l&rsquo;article depuis sa source.<\/a><\/p>\n","protected":false},"excerpt":{"rendered":"<p>Le coup d\u2019envoi de la sixi\u00e8me \u00e9dition de l\u2019 \u00ab\u00a0Aerospace Meetings Casablanca\u00a0\u00bb a \u00e9t\u00e9 donn\u00e9 aujourd\u2019hui, mardi 15 mars 2022, par Ryad Mezzour, ministre de l\u2019industrie et du commerce. L\u2019 \u00e9v\u00e8nement r\u00e9unira du 15 au 17 mars 2022 l\u2019ensemble des op\u00e9rateurs du secteur implant\u00e9s au Maroc et des donneurs d\u2019ordre Auteur: Mehdi Ouazzani Cliquez ici [&hellip;]<\/p>\n","protected":false},"author":1787,"featured_media":0,"comment_status":"closed","ping_status":"closed","sticky":false,"template":"","format":"standard","meta":{"fifu_image_url":"https:\/\/www.challenge.ma\/wp-content\/uploads\/2022\/03\/Aerospace-meetings-Casablanca-3.jpeg","fifu_image_alt":"Coup d\u2019envoi de la 6\u00e8me \u00e9dition de l\u2019Aerospace Meetings Casablanca","footnotes":""},"categories":[78,54],"tags":[],"class_list":["post-143188","post","type-post","status-publish","format-standard","hentry","category-economie","category-maroc"],"_links":{"self":[{"href":"https:\/\/linitiative.ca\/International\/wp-json\/wp\/v2\/posts\/143188","targetHints":{"allow":["GET"]}}],"collection":[{"href":"https:\/\/linitiative.ca\/International\/wp-json\/wp\/v2\/posts"}],"about":[{"href":"https:\/\/linitiative.ca\/International\/wp-json\/wp\/v2\/types\/post"}],"author":[{"embeddable":true,"href":"https:\/\/linitiative.ca\/International\/wp-json\/wp\/v2\/users\/1787"}],"replies":[{"embeddable":true,"href":"https:\/\/linitiative.ca\/International\/wp-json\/wp\/v2\/comments?post=143188"}],"version-history":[{"count":0,"href":"https:\/\/linitiative.ca\/International\/wp-json\/wp\/v2\/posts\/143188\/revisions"}],"wp:attachment":[{"href":"https:\/\/linitiative.ca\/International\/wp-json\/wp\/v2\/media?parent=143188"}],"wp:term":[{"taxonomy":"category","embeddable":true,"href":"https:\/\/linitiative.ca\/International\/wp-json\/wp\/v2\/categories?post=143188"},{"taxonomy":"post_tag","embeddable":true,"href":"https:\/\/linitiative.ca\/International\/wp-json\/wp\/v2\/tags?post=143188"}],"curies":[{"name":"wp","href":"https:\/\/api.w.org\/{rel}","templated":true}]}}