{"id":143192,"date":"2022-03-15T16:39:44","date_gmt":"2022-03-15T20:39:44","guid":{"rendered":"https:\/\/linitiative.ca\/International\/tunisie-lutica-condamne-les-descentes-et-les-saisies-qui-ont-vise-des-entrepots-legaux\/"},"modified":"2022-03-15T16:39:44","modified_gmt":"2022-03-15T20:39:44","slug":"tunisie-lutica-condamne-les-descentes-et-les-saisies-qui-ont-vise-des-entrepots-legaux","status":"publish","type":"post","link":"https:\/\/linitiative.ca\/International\/tunisie-lutica-condamne-les-descentes-et-les-saisies-qui-ont-vise-des-entrepots-legaux\/","title":{"rendered":"Tunisie \u2013 L\u2019UTICA condamne les descentes et les saisies qui ont vis\u00e9 des entrep\u00f4ts l\u00e9gaux"},"content":{"rendered":"<div>\n<p>La chambre syndicale des grossistes en alimentation g\u00e9n\u00e9rale a condamn\u00e9, ce mardi, les campagnes visant des entrep\u00f4ts l\u00e9gaux de grossistes et la saisie de leurs marchandises, stock\u00e9es conform\u00e9ment aux loi. Ils ont appel\u00e9 \u00e0 faire la part des choses et \u00e0 diff\u00e9rencier les sp\u00e9culateurs des grossistes qui travaillent l\u00e9galement. Ils ont, par ailleurs, appel\u00e9 \u00e0 [\u2026]<\/p>\n<p>L\u2019article <a href=\"https:\/\/www.tunisienumerique.com\/tunisie-lutica-condamne-les-descentes-et-les-saisies-qui-ont-vise-des-entrepots-legaux\/\">Tunisie \u2013 L\u2019UTICA condamne les descentes et les saisies qui ont vis\u00e9 des entrep\u00f4ts l\u00e9gaux<\/a> est apparu en premier sur <a href=\"https:\/\/www.tunisienumerique.com\/\">Tunisie<\/a>.<\/p>\n<\/div>\n<p>Auteur: LM<br \/>\n<a href=\"https:\/\/www.tunisienumerique.com\/tunisie-lutica-condamne-les-descentes-et-les-saisies-qui-ont-vise-des-entrepots-legaux\/\">Cliquez ici pour lire l&rsquo;article depuis sa source.<\/a><\/p>\n","protected":false},"excerpt":{"rendered":"<p>La chambre syndicale des grossistes en alimentation g\u00e9n\u00e9rale a condamn\u00e9, ce mardi, les campagnes visant des entrep\u00f4ts l\u00e9gaux de grossistes et la saisie de leurs marchandises, stock\u00e9es conform\u00e9ment aux loi. Ils ont appel\u00e9 \u00e0 faire la part des choses et \u00e0 diff\u00e9rencier les sp\u00e9culateurs des grossistes qui travaillent l\u00e9galement. Ils ont, par ailleurs, appel\u00e9 \u00e0 [&hellip;]<\/p>\n","protected":false},"author":1789,"featured_media":0,"comment_status":"closed","ping_status":"closed","sticky":false,"template":"","format":"standard","meta":{"fifu_image_url":"","fifu_image_alt":"","footnotes":""},"categories":[73,55],"tags":[],"class_list":["post-143192","post","type-post","status-publish","format-standard","hentry","category-actualite","category-tunisie"],"_links":{"self":[{"href":"https:\/\/linitiative.ca\/International\/wp-json\/wp\/v2\/posts\/143192","targetHints":{"allow":["GET"]}}],"collection":[{"href":"https:\/\/linitiative.ca\/International\/wp-json\/wp\/v2\/posts"}],"about":[{"href":"https:\/\/linitiative.ca\/International\/wp-json\/wp\/v2\/types\/post"}],"author":[{"embeddable":true,"href":"https:\/\/linitiative.ca\/International\/wp-json\/wp\/v2\/users\/1789"}],"replies":[{"embeddable":true,"href":"https:\/\/linitiative.ca\/International\/wp-json\/wp\/v2\/comments?post=143192"}],"version-history":[{"count":0,"href":"https:\/\/linitiative.ca\/International\/wp-json\/wp\/v2\/posts\/143192\/revisions"}],"wp:attachment":[{"href":"https:\/\/linitiative.ca\/International\/wp-json\/wp\/v2\/media?parent=143192"}],"wp:term":[{"taxonomy":"category","embeddable":true,"href":"https:\/\/linitiative.ca\/International\/wp-json\/wp\/v2\/categories?post=143192"},{"taxonomy":"post_tag","embeddable":true,"href":"https:\/\/linitiative.ca\/International\/wp-json\/wp\/v2\/tags?post=143192"}],"curies":[{"name":"wp","href":"https:\/\/api.w.org\/{rel}","templated":true}]}}