{"id":143195,"date":"2022-03-15T16:53:02","date_gmt":"2022-03-15T20:53:02","guid":{"rendered":"https:\/\/linitiative.ca\/International\/ligue-1-pro-cs-chebba-et-bertrand-marchand-cest-termine\/"},"modified":"2022-03-15T16:53:02","modified_gmt":"2022-03-15T20:53:02","slug":"ligue-1-pro-cs-chebba-et-bertrand-marchand-cest-termine","status":"publish","type":"post","link":"https:\/\/linitiative.ca\/International\/ligue-1-pro-cs-chebba-et-bertrand-marchand-cest-termine\/","title":{"rendered":"Ligue 1 Pro : CS Chebba et Bertrand Marchand, c\u2019est termin\u00e9 !"},"content":{"rendered":"<div>\n<p>La page officielle du CS Chebba a confirm\u00e9 le d\u00e9part de l\u2019entra\u00eeneur fran\u00e7ais Bertrand Marchand. Ce dernier quitte son poste apr\u00e8s un commun accord avec le bureau directeur chebbien d\u2019une s\u00e9paration \u00e0 l\u2019amiable. Le technicien fran\u00e7ais, nomm\u00e9 \u00e0 la t\u00eate de l\u2019\u00e9quipe premi\u00e8re en septembre 2019, a accept\u00e9 de poursuivre l\u2019aventure jusqu\u2019\u00e0 trouver un nouvel [\u2026]<\/p>\n<p>L\u2019article <a href=\"https:\/\/sport.tunisienumerique.com\/ligue-1-pro-cs-chebba-et-bertrand-marchand-cest-termine\/\">Ligue 1 Pro : CS Chebba et Bertrand Marchand, c\u2019est termin\u00e9 !<\/a> est apparu en premier sur <a href=\"https:\/\/www.tunisienumerique.com\/\">Tunisie<\/a>.<\/p>\n<\/div>\n<p>Auteur: Hamza Ben Khlifa<br \/>\n<a href=\"https:\/\/sport.tunisienumerique.com\/ligue-1-pro-cs-chebba-et-bertrand-marchand-cest-termine\/\">Cliquez ici pour lire l&rsquo;article depuis sa source.<\/a><\/p>\n","protected":false},"excerpt":{"rendered":"<p>La page officielle du CS Chebba a confirm\u00e9 le d\u00e9part de l\u2019entra\u00eeneur fran\u00e7ais Bertrand Marchand. Ce dernier quitte son poste apr\u00e8s un commun accord avec le bureau directeur chebbien d\u2019une s\u00e9paration \u00e0 l\u2019amiable. Le technicien fran\u00e7ais, nomm\u00e9 \u00e0 la t\u00eate de l\u2019\u00e9quipe premi\u00e8re en septembre 2019, a accept\u00e9 de poursuivre l\u2019aventure jusqu\u2019\u00e0 trouver un nouvel [&hellip;]<\/p>\n","protected":false},"author":1789,"featured_media":0,"comment_status":"closed","ping_status":"closed","sticky":false,"template":"","format":"standard","meta":{"fifu_image_url":"","fifu_image_alt":"","footnotes":""},"categories":[73,55],"tags":[],"class_list":["post-143195","post","type-post","status-publish","format-standard","hentry","category-actualite","category-tunisie"],"_links":{"self":[{"href":"https:\/\/linitiative.ca\/International\/wp-json\/wp\/v2\/posts\/143195","targetHints":{"allow":["GET"]}}],"collection":[{"href":"https:\/\/linitiative.ca\/International\/wp-json\/wp\/v2\/posts"}],"about":[{"href":"https:\/\/linitiative.ca\/International\/wp-json\/wp\/v2\/types\/post"}],"author":[{"embeddable":true,"href":"https:\/\/linitiative.ca\/International\/wp-json\/wp\/v2\/users\/1789"}],"replies":[{"embeddable":true,"href":"https:\/\/linitiative.ca\/International\/wp-json\/wp\/v2\/comments?post=143195"}],"version-history":[{"count":0,"href":"https:\/\/linitiative.ca\/International\/wp-json\/wp\/v2\/posts\/143195\/revisions"}],"wp:attachment":[{"href":"https:\/\/linitiative.ca\/International\/wp-json\/wp\/v2\/media?parent=143195"}],"wp:term":[{"taxonomy":"category","embeddable":true,"href":"https:\/\/linitiative.ca\/International\/wp-json\/wp\/v2\/categories?post=143195"},{"taxonomy":"post_tag","embeddable":true,"href":"https:\/\/linitiative.ca\/International\/wp-json\/wp\/v2\/tags?post=143195"}],"curies":[{"name":"wp","href":"https:\/\/api.w.org\/{rel}","templated":true}]}}