{"id":143197,"date":"2022-03-15T16:11:47","date_gmt":"2022-03-15T20:11:47","guid":{"rendered":"https:\/\/linitiative.ca\/International\/operation-militaire-en-casamance-macky-sall-joue-gros\/"},"modified":"2022-03-15T16:11:47","modified_gmt":"2022-03-15T20:11:47","slug":"operation-militaire-en-casamance-macky-sall-joue-gros","status":"publish","type":"post","link":"https:\/\/linitiative.ca\/International\/operation-militaire-en-casamance-macky-sall-joue-gros\/","title":{"rendered":"OPERATION\u00a0 MILITAIRE EN CASAMANCE : Macky Sall joue gros"},"content":{"rendered":"<div>\n<p><img loading=\"lazy\" decoding=\"async\" width=\"592\" height=\"296\" src=\"https:\/\/linitiative.ca\/International\/wp-content\/uploads\/sites\/23\/2022\/03\/SENEGAL.jpg\" class=\"attachment- size- wp-post-image\" alt=\"\" style=\"float:left; margin:0 15px 15px 0;\" srcset=\"https:\/\/linitiative.ca\/International\/wp-content\/uploads\/sites\/23\/2022\/03\/SENEGAL.jpg 592w, https:\/\/lepays.bf\/wp-content\/uploads\/2022\/03\/SENEGAL-300x150.jpg 300w, https:\/\/lepays.bf\/wp-content\/uploads\/2022\/03\/SENEGAL-150x75.jpg 150w\" sizes=\"auto, (max-width: 592px) 100vw, 592px\">\u00a0L\u2019Arm\u00e9e s\u00e9n\u00e9galaise a lanc\u00e9, le 13 mars dernier, une op\u00e9ration militaire le long de la fronti\u00e8re Nord du pays, une r\u00e9gion agit\u00e9e par la r\u00e9bellion ind\u00e9pendantiste du Mouvement des forces d\u00e9mocratiques de Casamance (MFDC). Selon le porte-parole de l\u2019Arm\u00e9e s\u00e9n\u00e9galaise,\u00a0 cette op\u00e9ration visait un double [\u2026]<\/p>\n<p>L\u2019article <a rel=\"nofollow\" href=\"https:\/\/lepays.bf\/operation-militaire-en-casamance-macky-sall-joue-gros\/\">OPERATION\u00a0 MILITAIRE EN CASAMANCE : Macky Sall joue gros<\/a> est apparu en premier sur <a rel=\"nofollow\" href=\"https:\/\/lepays.bf\/\">Editions Le Pays<\/a>.<\/p>\n<\/div>\n<p>Auteur: Editions LEPAYS<br \/>\n<a href=\"https:\/\/lepays.bf\/operation-militaire-en-casamance-macky-sall-joue-gros\/\">Cliquez ici pour lire l&rsquo;article depuis sa source.<\/a><\/p>\n","protected":false},"excerpt":{"rendered":"<p>\u00a0L\u2019Arm\u00e9e s\u00e9n\u00e9galaise a lanc\u00e9, le 13 mars dernier, une op\u00e9ration militaire le long de la fronti\u00e8re Nord du pays, une r\u00e9gion agit\u00e9e par la r\u00e9bellion ind\u00e9pendantiste du Mouvement des forces d\u00e9mocratiques de Casamance (MFDC). Selon le porte-parole de l\u2019Arm\u00e9e s\u00e9n\u00e9galaise,\u00a0 cette op\u00e9ration visait un double [\u2026] L\u2019article OPERATION\u00a0 MILITAIRE EN CASAMANCE : Macky Sall joue [&hellip;]<\/p>\n","protected":false},"author":1813,"featured_media":0,"comment_status":"closed","ping_status":"closed","sticky":false,"template":"","format":"standard","meta":{"fifu_image_url":"https:\/\/lepays.bf\/wp-content\/uploads\/2022\/03\/SENEGAL.jpg","fifu_image_alt":"OPERATION\u00a0 MILITAIRE EN CASAMANCE : Macky Sall joue gros","footnotes":""},"categories":[73,81],"tags":[],"class_list":["post-143197","post","type-post","status-publish","format-standard","hentry","category-actualite","category-burkina-faso"],"_links":{"self":[{"href":"https:\/\/linitiative.ca\/International\/wp-json\/wp\/v2\/posts\/143197","targetHints":{"allow":["GET"]}}],"collection":[{"href":"https:\/\/linitiative.ca\/International\/wp-json\/wp\/v2\/posts"}],"about":[{"href":"https:\/\/linitiative.ca\/International\/wp-json\/wp\/v2\/types\/post"}],"author":[{"embeddable":true,"href":"https:\/\/linitiative.ca\/International\/wp-json\/wp\/v2\/users\/1813"}],"replies":[{"embeddable":true,"href":"https:\/\/linitiative.ca\/International\/wp-json\/wp\/v2\/comments?post=143197"}],"version-history":[{"count":0,"href":"https:\/\/linitiative.ca\/International\/wp-json\/wp\/v2\/posts\/143197\/revisions"}],"wp:attachment":[{"href":"https:\/\/linitiative.ca\/International\/wp-json\/wp\/v2\/media?parent=143197"}],"wp:term":[{"taxonomy":"category","embeddable":true,"href":"https:\/\/linitiative.ca\/International\/wp-json\/wp\/v2\/categories?post=143197"},{"taxonomy":"post_tag","embeddable":true,"href":"https:\/\/linitiative.ca\/International\/wp-json\/wp\/v2\/tags?post=143197"}],"curies":[{"name":"wp","href":"https:\/\/api.w.org\/{rel}","templated":true}]}}