{"id":143202,"date":"2022-03-15T17:43:47","date_gmt":"2022-03-15T21:43:47","guid":{"rendered":"https:\/\/linitiative.ca\/International\/gestion-des-deniers-publics-le-payeur-general-et-deux-greffiers-en-chef-installes\/"},"modified":"2022-03-15T17:43:47","modified_gmt":"2022-03-15T21:43:47","slug":"gestion-des-deniers-publics-le-payeur-general-et-deux-greffiers-en-chef-installes","status":"publish","type":"post","link":"https:\/\/linitiative.ca\/International\/gestion-des-deniers-publics-le-payeur-general-et-deux-greffiers-en-chef-installes\/","title":{"rendered":"Gestion des deniers publics : Le payeur g\u00e9n\u00e9ral et deux greffiers en chef install\u00e9s"},"content":{"rendered":"<div>\n<p><strong>La Cour des comptes a install\u00e9 le payeur g\u00e9n\u00e9ral, Ferdinand Marie D\u00e9sir\u00e9 Yemtim et deux nouveaux greffiers en chef, Ya Hyacinthe Sirima et Germaine Sama\/Niki\u00e9ma, dans leurs fonctions, le mardi 15 mars 2022, \u00e0 Ouagadougou.<\/strong><\/p>\n<p>L\u2019assembl\u00e9e solennelle du mardi 15 mars 2022 de la Cour des comptes, dans la salle d\u2019audience de la Cour de cassation et du Conseil d\u2019Etat, \u00e0 Ouagadougou, a donn\u00e9 quitus \u00e0 deux nouveaux greffiers en chef nomm\u00e9s \u00e0 la Cour des comptes et au payeur g\u00e9n\u00e9ral d\u2019exercer leurs fonctions respectives. Il s\u2019agit des greffiers en chef Ya Hyacinthe Sirima et Germaine Sama\/Niki\u00e9ma.<\/p>\n<p>Pour le poste de payeur g\u00e9n\u00e9ral, c\u2019est l\u2019inspecteur du Tr\u00e9sor, Ferdinand D\u00e9sir\u00e9 Yemtim qui l\u2019occupe pour le paiement des d\u00e9penses de l\u2019Etat. Le Procureur g\u00e9n\u00e9ral de la Cour des comptes, T. Mathieu Kohio, a, d\u2019embl\u00e9e, traduit ses \u00ab vives \u00bb f\u00e9licitations aux promus tout en \u00e9voquant leurs comp\u00e9tences \u00e0 accomplir les missions \u00e0 eux assign\u00e9es du fait de leurs \u00ab riches \u00bb exp\u00e9riences. Selon le premier pr\u00e9sident par int\u00e9rim de la Cour des comptes, Justin Jean-Baptiste Bouda, ces serments sont des prescriptions de la loi pour donner plus de lourdeur aux diff\u00e9rentes fonctions.<\/p>\n<p>\u00ab La loi a prescrit pour certaines personnalit\u00e9s, deux prestations de serment. C\u2019est ce que nous avons fait en ce qui concerne le payeur g\u00e9n\u00e9ral. Nous l\u2019avons renvoy\u00e9 \u00e0 l\u2019exercice de ses fonctions. Nous attendons de lui de la loyaut\u00e9 dans sa mission, car il doit rendre compte \u00e0 la Cour de sa gestion, chaque ann\u00e9e, sur la base de pi\u00e8ces de fond de gestion. Nous allons juger le compte et si nous d\u00e9celons une irr\u00e9gularit\u00e9 quelconque, il y aura sanction \u00bb, a-t-il pr\u00e9venu.<\/p>\n<p>Justin Jean-Baptiste Bouda a, par ailleurs, souhait\u00e9 au payeur g\u00e9n\u00e9ral d\u2019exercer \u00ab dignement \u00bb sa fonction. Quant aux nouveaux greffiers en chef, il a pr\u00e9cis\u00e9 qu\u2019ils participent au renforcement de la Cour des comptes. Ce sont des anciens qui sont dans le m\u00e9tier et nomm\u00e9s \u00e0 la Cour et simplement install\u00e9s parce qu\u2019ils ont d\u00e9j\u00e0 pr\u00eat\u00e9 serment \u00e0 leur premi\u00e8re prise de fonction, a laiss\u00e9 entendre le premier pr\u00e9sident par int\u00e9rim de la Cour des comptes.<\/p>\n<p>Le payeur g\u00e9n\u00e9ral a rench\u00e9ri que son r\u00f4le est l\u2019ex\u00e9cution des d\u00e9penses du budget g\u00e9n\u00e9ral, des comptes d\u2019affectation sp\u00e9ciale et des budgets annexes. \u00ab Cette c\u00e9r\u00e9monie est le point de d\u00e9part de la responsabilit\u00e9 de la fonction du payeur g\u00e9n\u00e9ral qui est personnelle. A travers cette prestation de serment, c\u2019est l\u2019engagement \u00e0 respecter et \u00e0 faire respecter les lois et r\u00e8glements relatifs \u00e0 la gestion des deniers publics \u00bb, a indiqu\u00e9 Ferdinand Marie D\u00e9sir\u00e9 Yemtim.<\/p>\n<p>Toutefois, dans le cadre de la fonction de payeur g\u00e9n\u00e9ral, a-t-il d\u00e9plor\u00e9, il y a des opinions quelquefois \u00ab infond\u00e9es \u00bb relatives aux longs d\u00e9lais de paiement au minist\u00e8re en charge de l\u2019\u00e9conomie et \u00e0 la direction g\u00e9n\u00e9rale du Tr\u00e9sor et de la Comptabilit\u00e9 publique. Mais, a-t-il assur\u00e9, il y a un secr\u00e9tariat qui g\u00e8re les d\u00e9lais de paiement avec le concours de tous les acteurs de gestion.<\/p>\n<p>\u00ab Nous faisons donc des propositions allant dans le sens du respect des d\u00e9lais de paiement fix\u00e9s par les normes au niveau de chaque acteur. Nous allons veiller \u00e0 cela pour le bonheur de nos fournisseurs et travailler aussi \u00e0 rapprocher la fonction de payeur aux administrations \u00bb, a expliqu\u00e9 le payeur g\u00e9n\u00e9ral.<\/p>\n<p>Pour le greffier en chef, Ya Hyacinthe Sirima, cette audience solennelle d\u2019installation des greffiers en chef est une occasion de montrer au public leur r\u00f4le d\u2019assister la Cour dans ses pr\u00e9rogatives de contr\u00f4le, d\u2019utilisation et de gestion des deniers publics. \u00ab En tant que greffiers en chef, notre contribution est de faire bien fonctionner la Cour des comptes au profit des justiciables pour les diff\u00e9rents services \u00e0 donner \u00bb, a-t-il relev\u00e9.<\/p>\n<p style=\"text-align: right\"><strong>Boukary BONKOUNGOU <\/strong><\/p>\n<p>L\u2019article <a rel=\"nofollow\" href=\"https:\/\/www.sidwaya.info\/blog\/2022\/03\/15\/gestion-des-deniers-publics-le-payeur-general-et-deux-greffiers-en-chef-installes\/\">Gestion des deniers publics : Le payeur g\u00e9n\u00e9ral et deux greffiers en chef install\u00e9s<\/a> est apparu en premier sur <a rel=\"nofollow\" href=\"https:\/\/www.sidwaya.info\/\">Quotidien Sidwaya<\/a>.<\/p>\n<\/div>\n<p>Auteur: JK. Sidwaya<br \/>\n<a href=\"https:\/\/www.sidwaya.info\/blog\/2022\/03\/15\/gestion-des-deniers-publics-le-payeur-general-et-deux-greffiers-en-chef-installes\/?utm_source=rss&#038;utm_medium=rss&#038;utm_campaign=gestion-des-deniers-publics-le-payeur-general-et-deux-greffiers-en-chef-installes\">Cliquez ici pour lire l&rsquo;article depuis sa source.<\/a><\/p>\n","protected":false},"excerpt":{"rendered":"<p>La Cour des comptes a install\u00e9 le payeur g\u00e9n\u00e9ral, Ferdinand Marie D\u00e9sir\u00e9 Yemtim et deux nouveaux greffiers en chef, Ya Hyacinthe Sirima et Germaine Sama\/Niki\u00e9ma, dans leurs fonctions, le mardi 15 mars 2022, \u00e0 Ouagadougou. L\u2019assembl\u00e9e solennelle du mardi 15 mars 2022 de la Cour des comptes, dans la salle d\u2019audience de la Cour de [&hellip;]<\/p>\n","protected":false},"author":1816,"featured_media":0,"comment_status":"closed","ping_status":"closed","sticky":false,"template":"","format":"standard","meta":{"fifu_image_url":"","fifu_image_alt":"","footnotes":""},"categories":[73,81],"tags":[],"class_list":["post-143202","post","type-post","status-publish","format-standard","hentry","category-actualite","category-burkina-faso"],"_links":{"self":[{"href":"https:\/\/linitiative.ca\/International\/wp-json\/wp\/v2\/posts\/143202","targetHints":{"allow":["GET"]}}],"collection":[{"href":"https:\/\/linitiative.ca\/International\/wp-json\/wp\/v2\/posts"}],"about":[{"href":"https:\/\/linitiative.ca\/International\/wp-json\/wp\/v2\/types\/post"}],"author":[{"embeddable":true,"href":"https:\/\/linitiative.ca\/International\/wp-json\/wp\/v2\/users\/1816"}],"replies":[{"embeddable":true,"href":"https:\/\/linitiative.ca\/International\/wp-json\/wp\/v2\/comments?post=143202"}],"version-history":[{"count":0,"href":"https:\/\/linitiative.ca\/International\/wp-json\/wp\/v2\/posts\/143202\/revisions"}],"wp:attachment":[{"href":"https:\/\/linitiative.ca\/International\/wp-json\/wp\/v2\/media?parent=143202"}],"wp:term":[{"taxonomy":"category","embeddable":true,"href":"https:\/\/linitiative.ca\/International\/wp-json\/wp\/v2\/categories?post=143202"},{"taxonomy":"post_tag","embeddable":true,"href":"https:\/\/linitiative.ca\/International\/wp-json\/wp\/v2\/tags?post=143202"}],"curies":[{"name":"wp","href":"https:\/\/api.w.org\/{rel}","templated":true}]}}