{"id":143203,"date":"2022-03-15T11:18:03","date_gmt":"2022-03-15T15:18:03","guid":{"rendered":"https:\/\/linitiative.ca\/International\/guerre-en-ukraine-lonu-craint-un-ouragan-de-famines\/"},"modified":"2022-03-15T11:18:03","modified_gmt":"2022-03-15T15:18:03","slug":"guerre-en-ukraine-lonu-craint-un-ouragan-de-famines","status":"publish","type":"post","link":"https:\/\/linitiative.ca\/International\/guerre-en-ukraine-lonu-craint-un-ouragan-de-famines\/","title":{"rendered":"Guerre en Ukraine: l\u2019Onu craint un \u00ab\u00a0ouragan de famines\u00a0\u00bb"},"content":{"rendered":"<div>\n<p><img decoding=\"async\" width=\"190\" height=\"265\" src=\"https:\/\/linitiative.ca\/International\/wp-content\/uploads\/sites\/23\/2022\/03\/16473574839530.jpg\" class=\"attachment-post-thumbnail size-post-thumbnail wp-post-image\" alt=\"\" loading=\"lazy\"><\/p>\n<p>Les prix des c\u00e9r\u00e9ales ont d\u00e9j\u00e0 d\u00e9pass\u00e9 ceux du d\u00e9but du printemps arabe de 2011 et des \u00e9meutes de la faim de 2007-2008, alerte l&rsquo;Onu.La Russie et l&rsquo;Ukraine, en guerre depuis le 24 f\u00e9vrier dernier, sont les principaux exportateurs de bl\u00e9. Ce conflit bloque les productions agricoles dans ces deux pays d&rsquo;Europe de l&rsquo;Est.<\/p>\n<p>Partant de ce constat, le Secr\u00e9taire g\u00e9n\u00e9ral de l&rsquo;Organisation des nations unies (Onu), Ant\u00f3nio Guterres s&rsquo;inqui\u00e8te de la situation des syst\u00e8mes alimentaires mondiaux.<\/p>\n<p>\u00ab Nous devons faire tout notre possible pour \u00e9viter un ouragan de famines et un effondrement du syst\u00e8me alimentaire mondial \u00bb, a d\u00e9clar\u00e9 M. Guterres, lors d&rsquo;un point de presse tenu lundi \u00e0 New York.<\/p>\n<p>L&rsquo;indice mondial des prix des denr\u00e9es alimentaires de l&rsquo;Organisation des nations unies pour l&rsquo;alimentation et l&rsquo;agriculture (FAO, sigle anglais), est \u00e0 son plus haut niveau jamais enregistr\u00e9, a fait savoir Antonio Guterres.<\/p>\n<p>Par ailleurs, il a rappel\u00e9 que 45 pays africains et pays les moins avanc\u00e9s importent au moins un tiers de leur bl\u00e9 d&rsquo;Ukraine ou de Russie. De m\u00eame, a-t-il ajout\u00e9, 18 de ces pays en importent au moins 50%. Cela comprend des pays comme le Burkina Faso, l&rsquo;\u00c9gypte, la R\u00e9publique d\u00e9mocratique du Congo, le Liban, la Libye, la Somalie, le Soudan et le Y\u00e9men.<\/p>\n<p>Le 11 mars dernier, la FAO soutenait que le conflit ukrainien pourrait entra\u00eener une r\u00e9duction soudaine des exportations de bl\u00e9, ce qui aurait de lourdes cons\u00e9quences pour plus de 35 % de la population du globe.<\/p>\n<p>Cet article <a rel=\"nofollow\" href=\"https:\/\/www.journalducameroun.com\/guerre-en-ukraine-lonu-craint-un-ouragan-de-famines\/\">Guerre en Ukraine: l\u2019Onu craint un \u00ab\u00a0ouragan de famines\u00a0\u00bb<\/a> est apparu en premier sur <a rel=\"nofollow\" href=\"https:\/\/www.journalducameroun.com\/\">Journal du Cameroun<\/a>.<\/p>\n<\/div>\n<p>Auteur: APA News<br \/>\n<a href=\"https:\/\/www.journalducameroun.com\/guerre-en-ukraine-lonu-craint-un-ouragan-de-famines\/\">Cliquez ici pour lire l&rsquo;article depuis sa source.<\/a><\/p>\n","protected":false},"excerpt":{"rendered":"<p>Les prix des c\u00e9r\u00e9ales ont d\u00e9j\u00e0 d\u00e9pass\u00e9 ceux du d\u00e9but du printemps arabe de 2011 et des \u00e9meutes de la faim de 2007-2008, alerte l&rsquo;Onu.La Russie et l&rsquo;Ukraine, en guerre depuis le 24 f\u00e9vrier dernier, sont les principaux exportateurs de bl\u00e9. Ce conflit bloque les productions agricoles dans ces deux pays d&rsquo;Europe de l&rsquo;Est. Partant [&hellip;]<\/p>\n","protected":false},"author":1965,"featured_media":0,"comment_status":"closed","ping_status":"closed","sticky":false,"template":"","format":"standard","meta":{"fifu_image_url":"https:\/\/www.journalducameroun.com\/wp-content\/uploads\/2022\/03\/16473574839530.jpg","fifu_image_alt":"Guerre en Ukraine: l\u2019Onu craint un \u00ab\u00a0ouragan de famines\u00a0\u00bb","footnotes":""},"categories":[73,82],"tags":[],"class_list":["post-143203","post","type-post","status-publish","format-standard","hentry","category-actualite","category-cameroun"],"_links":{"self":[{"href":"https:\/\/linitiative.ca\/International\/wp-json\/wp\/v2\/posts\/143203","targetHints":{"allow":["GET"]}}],"collection":[{"href":"https:\/\/linitiative.ca\/International\/wp-json\/wp\/v2\/posts"}],"about":[{"href":"https:\/\/linitiative.ca\/International\/wp-json\/wp\/v2\/types\/post"}],"author":[{"embeddable":true,"href":"https:\/\/linitiative.ca\/International\/wp-json\/wp\/v2\/users\/1965"}],"replies":[{"embeddable":true,"href":"https:\/\/linitiative.ca\/International\/wp-json\/wp\/v2\/comments?post=143203"}],"version-history":[{"count":0,"href":"https:\/\/linitiative.ca\/International\/wp-json\/wp\/v2\/posts\/143203\/revisions"}],"wp:attachment":[{"href":"https:\/\/linitiative.ca\/International\/wp-json\/wp\/v2\/media?parent=143203"}],"wp:term":[{"taxonomy":"category","embeddable":true,"href":"https:\/\/linitiative.ca\/International\/wp-json\/wp\/v2\/categories?post=143203"},{"taxonomy":"post_tag","embeddable":true,"href":"https:\/\/linitiative.ca\/International\/wp-json\/wp\/v2\/tags?post=143203"}],"curies":[{"name":"wp","href":"https:\/\/api.w.org\/{rel}","templated":true}]}}