{"id":143205,"date":"2022-03-15T12:25:03","date_gmt":"2022-03-15T16:25:03","guid":{"rendered":"https:\/\/linitiative.ca\/International\/cameroun-deux-factions-du-mouvement-ots-defendent-des-positions-divergentes\/"},"modified":"2022-03-15T12:25:03","modified_gmt":"2022-03-15T16:25:03","slug":"cameroun-deux-factions-du-mouvement-ots-defendent-des-positions-divergentes","status":"publish","type":"post","link":"https:\/\/linitiative.ca\/International\/cameroun-deux-factions-du-mouvement-ots-defendent-des-positions-divergentes\/","title":{"rendered":"Cameroun : deux factions du mouvement OTS d\u00e9fendent des positions divergentes"},"content":{"rendered":"<div>\n<p><img decoding=\"async\" width=\"800\" height=\"628\" src=\"https:\/\/linitiative.ca\/International\/wp-content\/uploads\/sites\/23\/2022\/03\/Gregoire-Owona-Cameroun.jpg\" class=\"attachment-post-thumbnail size-post-thumbnail wp-post-image\" alt=\"Les Mouvements OTS affichent leurs divergences\" loading=\"lazy\" srcset=\"https:\/\/linitiative.ca\/International\/wp-content\/uploads\/sites\/23\/2022\/03\/Gregoire-Owona-Cameroun.jpg 800w, https:\/\/www.journalducameroun.com\/wp-content\/uploads\/2022\/03\/Gregoire-Owona-Cameroun-300x236.jpg 300w, https:\/\/www.journalducameroun.com\/wp-content\/uploads\/2022\/03\/Gregoire-Owona-Cameroun-768x603.jpg 768w, https:\/\/www.journalducameroun.com\/wp-content\/uploads\/2022\/03\/Gregoire-Owona-Cameroun-561x440.jpg 561w, https:\/\/www.journalducameroun.com\/wp-content\/uploads\/2022\/03\/Gregoire-Owona-Cameroun-600x471.jpg 600w\" sizes=\"auto, (max-width: 800px) 100vw, 800px\"><\/p>\n<h3 style=\"text-align: justify;\">Les mouvements \u00ab\u00a0On a trop souffert\u00a0\u00bb (OTS),\u00a0faction r\u00e9publicaine et ordinaire ont affich\u00e9 cette divergence de vue dans le cadre du dialogue social avec le ministre Gr\u00e9goire Owona ce mardi 15 mars 2022.<\/h3>\n<p style=\"text-align: justify;\">\n<p style=\"text-align: justify;\">L\u2019environnement \u00e9ducatif camerounais est en crise depuis plus de trois semaines. Les <strong>enseignants<\/strong> du secondaire sont\u00a0 en gr\u00e8ve pour manifester leur col\u00e8re et pousser les autorit\u00e9s gouvernementales \u00e0 r\u00e9pondre \u00e0 leurs revendications. Le 09 mars 2022, le chef de l\u2019Etat a donn\u00e9 des directives \u00e0 son gouvernement pour r\u00e9soudre les probl\u00e8mes des enseignants. Depuis lors, le <strong>Collectif\u00a0OTS<\/strong> divis\u00e9 en deux factions, d\u00e9fend deux positions diff\u00e9rentes.<\/p>\n<p style=\"text-align: justify;\">OTS ordinaire entend militer pour le maintien de l\u2019op\u00e9ration craie morte. L\u2019enjeu est d\u2019amener le gouvernement \u00e0 payer toutes les dettes de l\u2019Etat envers les enseignants. Le mouvement avance qu\u2019une fois que les mesures \u00e9dict\u00e9es sont mises en \u0153uvre, il proc\u00e9dera \u00e0 la lev\u00e9e du mot d\u2019ordre de gr\u00e8ve.<\/p>\n<p style=\"text-align: justify;\">C\u2019est cette position que ses repr\u00e9sentants ont soutenu ce mardi au cours de la rencontre avec le ministre du Travail et de la S\u00e9curit\u00e9 sociale. \u00ab <em>Nous voulons que des mesures soient prises par exemple, \u00e0 la fin de ce mois d\u00e9j\u00e0, que la totalit\u00e9 des salaires soit pay\u00e9e et l\u2019autonomisation des avancements de groupe. D\u00e8s lors que l\u2019Etat peut r\u00e9sorber nos probl\u00e8mes, je peux vous assurer qu\u2019on va reprendre d\u2019abord les cours\u00a0<\/em>\u00bb, a confi\u00e9 un repr\u00e9sentant OTS \u00e0 Royal FM.<\/p>\n<p style=\"text-align: justify;\">Cependant, \u00ab\u00a0<strong>OTS r\u00e9publicain\u00a0\u00bb<\/strong> milite pour la reprise des enseignements et l\u2019accompagnement du gouvernement dans la mise en \u0153uvre des directives pr\u00e9sidentielles.<\/p>\n<p style=\"text-align: justify;\">\u00ab\u00a0<em>Nous militons pour l\u2019apaisement et pour un retour \u00e0 l\u2019\u00e9cole. Nous sommes dans la logique d\u2019\u00e9viter une ann\u00e9e blanche \u00e0 toute la communaut\u00e9 \u00e9ducative nationale. Nous accompagnons l\u2019Etat dans les diligences qu\u2019il est en train de mettre en place. Nous observons d\u00e9j\u00e0 en ce moment une lev\u00e9e progressive du mot d\u2019ordre de gr\u00e8ve depuis hier lundi 14 mars. Parce que le chef de l\u2019Etat a commenc\u00e9 \u00e0 r\u00e9pondre \u00e0 nos dol\u00e9ances<\/em>\u00a0\u00bb, d\u00e9clare un repr\u00e9sentant de la faction r\u00e9publicaine<\/p>\n<p style=\"text-align: justify;\">Cette position \u00e9pouse celle du gouvernement qui appelle \u00e0 la reprise des cours au sein des \u00e9tablissements scolaires en attendant la mise en \u0153uvre des mesures \u00e9dict\u00e9es.<\/p>\n<p style=\"text-align: justify;\">Selon le ministre du Travail et de la S\u00e9curit\u00e9 sociale, il n\u2019y a rien \u00e0 craindre. Le pr\u00e9sident de la R\u00e9publique \u00ab\u00a0 <em>a donn\u00e9 son accord sur pratiquement toutes les dol\u00e9ances des enseignants et en a fix\u00e9 un planning urgent de mise en \u0153uvre. Ce sont des d\u00e9cisions qui doivent \u00eatre mises en \u0153uvre dans leur enti\u00e8ret\u00e9<\/em>\u00a0\u00bb, a d\u00e9clar\u00e9 Gr\u00e9goire Owona au micro de la station radio Crtv.<\/p>\n<p style=\"text-align: justify;\">Dans cette perspective, les d\u00e9partements minist\u00e9riels disent avoir pris des dispositions pour aussi bien au niveau proc\u00e9dural que financi\u00e8res. Au matin du 25 mars 2022, les comptes bancaires des enseignants concern\u00e9s commenceront \u00e0 recevoir les premiers paiements, a rassur\u00e9 un responsable du minist\u00e8re des Finances. Ainsi, avec ces diff\u00e9rentes d\u00e9marches, les enseignants sont appel\u00e9s \u00e0 reprendre les cours.<\/p>\n<p>Cet article <a rel=\"nofollow\" href=\"https:\/\/www.journalducameroun.com\/cameroun-deux-factions-du-mouvement-ots-defendent-des-positions-divergentes\/\">Cameroun : deux factions du mouvement OTS d\u00e9fendent des positions divergentes<\/a> est apparu en premier sur <a rel=\"nofollow\" href=\"https:\/\/www.journalducameroun.com\/\">Journal du Cameroun<\/a>.<\/p>\n<\/div>\n<p>Auteur: Arnaud MAWEL<br \/>\n<a href=\"https:\/\/www.journalducameroun.com\/cameroun-deux-factions-du-mouvement-ots-defendent-des-positions-divergentes\/\">Cliquez ici pour lire l&rsquo;article depuis sa source.<\/a><\/p>\n","protected":false},"excerpt":{"rendered":"<p>Les mouvements \u00ab\u00a0On a trop souffert\u00a0\u00bb (OTS),\u00a0faction r\u00e9publicaine et ordinaire ont affich\u00e9 cette divergence de vue dans le cadre du dialogue social avec le ministre Gr\u00e9goire Owona ce mardi 15 mars 2022. L\u2019environnement \u00e9ducatif camerounais est en crise depuis plus de trois semaines. Les enseignants du secondaire sont\u00a0 en gr\u00e8ve pour manifester leur col\u00e8re et [&hellip;]<\/p>\n","protected":false},"author":1965,"featured_media":0,"comment_status":"closed","ping_status":"closed","sticky":false,"template":"","format":"standard","meta":{"fifu_image_url":"https:\/\/www.journalducameroun.com\/wp-content\/uploads\/2022\/03\/Gregoire-Owona-Cameroun.jpg","fifu_image_alt":"Cameroun : deux factions du mouvement OTS d\u00e9fendent des positions divergentes","footnotes":""},"categories":[73,82],"tags":[],"class_list":["post-143205","post","type-post","status-publish","format-standard","hentry","category-actualite","category-cameroun"],"_links":{"self":[{"href":"https:\/\/linitiative.ca\/International\/wp-json\/wp\/v2\/posts\/143205","targetHints":{"allow":["GET"]}}],"collection":[{"href":"https:\/\/linitiative.ca\/International\/wp-json\/wp\/v2\/posts"}],"about":[{"href":"https:\/\/linitiative.ca\/International\/wp-json\/wp\/v2\/types\/post"}],"author":[{"embeddable":true,"href":"https:\/\/linitiative.ca\/International\/wp-json\/wp\/v2\/users\/1965"}],"replies":[{"embeddable":true,"href":"https:\/\/linitiative.ca\/International\/wp-json\/wp\/v2\/comments?post=143205"}],"version-history":[{"count":0,"href":"https:\/\/linitiative.ca\/International\/wp-json\/wp\/v2\/posts\/143205\/revisions"}],"wp:attachment":[{"href":"https:\/\/linitiative.ca\/International\/wp-json\/wp\/v2\/media?parent=143205"}],"wp:term":[{"taxonomy":"category","embeddable":true,"href":"https:\/\/linitiative.ca\/International\/wp-json\/wp\/v2\/categories?post=143205"},{"taxonomy":"post_tag","embeddable":true,"href":"https:\/\/linitiative.ca\/International\/wp-json\/wp\/v2\/tags?post=143205"}],"curies":[{"name":"wp","href":"https:\/\/api.w.org\/{rel}","templated":true}]}}