{"id":143207,"date":"2022-03-15T13:18:03","date_gmt":"2022-03-15T17:18:03","guid":{"rendered":"https:\/\/linitiative.ca\/International\/programme-gpe-abidjan-remise-de-diplomes-a-42-auditeurs-de-la-21e-promotion\/"},"modified":"2022-03-15T13:18:03","modified_gmt":"2022-03-15T17:18:03","slug":"programme-gpe-abidjan-remise-de-diplomes-a-42-auditeurs-de-la-21e-promotion","status":"publish","type":"post","link":"https:\/\/linitiative.ca\/International\/programme-gpe-abidjan-remise-de-diplomes-a-42-auditeurs-de-la-21e-promotion\/","title":{"rendered":"Programme GPE-Abidjan: remise de dipl\u00f4mes \u00e0 42 auditeurs de la 21e promotion"},"content":{"rendered":"<div>\n<p><img decoding=\"async\" width=\"800\" height=\"533\" src=\"https:\/\/linitiative.ca\/International\/wp-content\/uploads\/sites\/23\/2022\/03\/16473646837690.jpg\" class=\"attachment-post-thumbnail size-post-thumbnail wp-post-image\" alt=\"\" loading=\"lazy\" srcset=\"https:\/\/linitiative.ca\/International\/wp-content\/uploads\/sites\/23\/2022\/03\/16473646837690.jpg 800w, https:\/\/www.journalducameroun.com\/wp-content\/uploads\/2022\/03\/16473646837690-300x200.jpg 300w, https:\/\/www.journalducameroun.com\/wp-content\/uploads\/2022\/03\/16473646837690-768x512.jpg 768w, https:\/\/www.journalducameroun.com\/wp-content\/uploads\/2022\/03\/16473646837690-660x440.jpg 660w, https:\/\/www.journalducameroun.com\/wp-content\/uploads\/2022\/03\/16473646837690-600x400.jpg 600w\" sizes=\"auto, (max-width: 800px) 100vw, 800px\"><\/p>\n<p>Quarante-deux auditeurs de la 21e promotion du Programme de formation en Gestion de la politique \u00e9conomique (GPE) ont re\u00e7u le 24 f\u00e9vrier 2022 leurs dipl\u00f4mes, lors d&rsquo;une c\u00e9r\u00e9monie \u00e0 l&rsquo;Universit\u00e9 F\u00e9lix Houphou\u00ebt-Boigny d&rsquo;Abidjan.Sur ces 42 auditeurs, qui ont re\u00e7u leurs parchemins, \u00a0au cours de cette c\u00e9r\u00e9monie solennelle, l&rsquo;on d\u00e9nombre 34 Ivoiriens, deux Burkinab\u00e9, deux Togolais, deux B\u00e9ninois, une S\u00e9n\u00e9galaise et un Nig\u00e9rien.<\/p>\n<p>Le ministre ivoirien de l&rsquo;Enseignement sup\u00e9rieur et de la Recherche scientifique, Adama Diawara, s&rsquo;est r\u00e9joui de ce \u00ab\u00a0puissant instrument d&rsquo;int\u00e9gration sous-r\u00e9gionale ouest-africaine\u00a0\u00bb, qui forme des ressources humaines de qualit\u00e9 pour les secteurs priv\u00e9 et public. \u00a0<\/p>\n<p>\u00ab\u00a0On a une formation qui d\u00e9note de l&rsquo;ouverture de l&rsquo;Universit\u00e9 vers le monde professionnel, ce qui doit \u00eatre le cas pour toutes les universit\u00e9s, parce qu&rsquo;il faut \u00e9viter que nos universit\u00e9s se referment sur elles-m\u00eames\u00a0\u00bb, a d\u00e9clar\u00e9 M. Adama Diawara \u00e0 la presse.<\/p>\n<p>Pour lui, \u00a0il faut que les universit\u00e9s soient \u00ab\u00a0ouvertes sur le monde ext\u00e9rieur et professionnel\u00a0\u00bb. Une \u00e9tude de la direction du GPE-Abidjan montre d&rsquo;ailleurs que \u00ab\u00a084% des dipl\u00f4mes a un impact positif\u00a0\u00bb sur le profil de carri\u00e8re des auditeurs et leurs performances professionnelles.<\/p>\n<p>L&rsquo;ann\u00e9e pr\u00e9c\u00e9dente, 44 auditeurs issus de la 20e promotion du Programme de formation en Gestion de la politique \u00e9conomique (GPE) avaient re\u00e7u leurs dipl\u00f4mes, \u00e0 l&rsquo;occasion d&rsquo;une c\u00e9r\u00e9monie \u00e0 l&rsquo;Universit\u00e9 F\u00e9lix Houphou\u00ebt-Boigny d&rsquo;Abidjan.<\/p>\n<p>Le Programme GPE-Abidjan, qui existe depuis 1998, vise notamment le renforcement des capacit\u00e9s des cadres des administrations publiques et priv\u00e9es de la sous-r\u00e9gion ouest-africaine francophone en mati\u00e8re de management des politiques \u00e9conomiques.<\/p>\n<p>Cet article <a rel=\"nofollow\" href=\"https:\/\/www.journalducameroun.com\/programme-gpe-abidjan-remise-de-diplomes-a-42-auditeurs-de-la-21e-promotion\/\">Programme GPE-Abidjan: remise de dipl\u00f4mes \u00e0 42 auditeurs de la 21e promotion<\/a> est apparu en premier sur <a rel=\"nofollow\" href=\"https:\/\/www.journalducameroun.com\/\">Journal du Cameroun<\/a>.<\/p>\n<\/div>\n<p>Auteur: APA News<br \/>\n<a href=\"https:\/\/www.journalducameroun.com\/programme-gpe-abidjan-remise-de-diplomes-a-42-auditeurs-de-la-21e-promotion\/\">Cliquez ici pour lire l&rsquo;article depuis sa source.<\/a><\/p>\n","protected":false},"excerpt":{"rendered":"<p>Quarante-deux auditeurs de la 21e promotion du Programme de formation en Gestion de la politique \u00e9conomique (GPE) ont re\u00e7u le 24 f\u00e9vrier 2022 leurs dipl\u00f4mes, lors d&rsquo;une c\u00e9r\u00e9monie \u00e0 l&rsquo;Universit\u00e9 F\u00e9lix Houphou\u00ebt-Boigny d&rsquo;Abidjan.Sur ces 42 auditeurs, qui ont re\u00e7u leurs parchemins, \u00a0au cours de cette c\u00e9r\u00e9monie solennelle, l&rsquo;on d\u00e9nombre 34 Ivoiriens, deux Burkinab\u00e9, deux Togolais, [&hellip;]<\/p>\n","protected":false},"author":1965,"featured_media":0,"comment_status":"closed","ping_status":"closed","sticky":false,"template":"","format":"standard","meta":{"fifu_image_url":"https:\/\/www.journalducameroun.com\/wp-content\/uploads\/2022\/03\/16473646837690.jpg","fifu_image_alt":"Programme GPE-Abidjan: remise de dipl\u00f4mes \u00e0 42 auditeurs de la 21e promotion","footnotes":""},"categories":[73,82],"tags":[],"class_list":["post-143207","post","type-post","status-publish","format-standard","hentry","category-actualite","category-cameroun"],"_links":{"self":[{"href":"https:\/\/linitiative.ca\/International\/wp-json\/wp\/v2\/posts\/143207","targetHints":{"allow":["GET"]}}],"collection":[{"href":"https:\/\/linitiative.ca\/International\/wp-json\/wp\/v2\/posts"}],"about":[{"href":"https:\/\/linitiative.ca\/International\/wp-json\/wp\/v2\/types\/post"}],"author":[{"embeddable":true,"href":"https:\/\/linitiative.ca\/International\/wp-json\/wp\/v2\/users\/1965"}],"replies":[{"embeddable":true,"href":"https:\/\/linitiative.ca\/International\/wp-json\/wp\/v2\/comments?post=143207"}],"version-history":[{"count":0,"href":"https:\/\/linitiative.ca\/International\/wp-json\/wp\/v2\/posts\/143207\/revisions"}],"wp:attachment":[{"href":"https:\/\/linitiative.ca\/International\/wp-json\/wp\/v2\/media?parent=143207"}],"wp:term":[{"taxonomy":"category","embeddable":true,"href":"https:\/\/linitiative.ca\/International\/wp-json\/wp\/v2\/categories?post=143207"},{"taxonomy":"post_tag","embeddable":true,"href":"https:\/\/linitiative.ca\/International\/wp-json\/wp\/v2\/tags?post=143207"}],"curies":[{"name":"wp","href":"https:\/\/api.w.org\/{rel}","templated":true}]}}