{"id":143209,"date":"2022-03-15T15:18:03","date_gmt":"2022-03-15T19:18:03","guid":{"rendered":"https:\/\/linitiative.ca\/International\/architecture-francis-kere-remporte-le-prix-pritzker\/"},"modified":"2022-03-15T15:18:03","modified_gmt":"2022-03-15T19:18:03","slug":"architecture-francis-kere-remporte-le-prix-pritzker","status":"publish","type":"post","link":"https:\/\/linitiative.ca\/International\/architecture-francis-kere-remporte-le-prix-pritzker\/","title":{"rendered":"Architecture : Francis K\u00e9r\u00e9 remporte le prix Pritzker"},"content":{"rendered":"<div>\n<p><img decoding=\"async\" width=\"1737\" height=\"909\" src=\"https:\/\/linitiative.ca\/International\/wp-content\/uploads\/sites\/23\/2022\/03\/16473718832286.jpg\" class=\"attachment-post-thumbnail size-post-thumbnail wp-post-image\" alt=\"\" loading=\"lazy\" srcset=\"https:\/\/linitiative.ca\/International\/wp-content\/uploads\/sites\/23\/2022\/03\/16473718832286.jpg 1737w, https:\/\/www.journalducameroun.com\/wp-content\/uploads\/2022\/03\/16473718832286-300x157.jpg 300w, https:\/\/www.journalducameroun.com\/wp-content\/uploads\/2022\/03\/16473718832286-1024x536.jpg 1024w, https:\/\/www.journalducameroun.com\/wp-content\/uploads\/2022\/03\/16473718832286-768x402.jpg 768w, https:\/\/www.journalducameroun.com\/wp-content\/uploads\/2022\/03\/16473718832286-1536x804.jpg 1536w, https:\/\/www.journalducameroun.com\/wp-content\/uploads\/2022\/03\/16473718832286-841x440.jpg 841w, https:\/\/www.journalducameroun.com\/wp-content\/uploads\/2022\/03\/16473718832286-600x314.jpg 600w\" sizes=\"auto, (max-width: 1737px) 100vw, 1737px\"><\/p>\n<p>Le Burkinab\u00e8 devient le tout premier Africain \u00e0 inscrire son nom au palmar\u00e8s du Pritzker, l&rsquo;\u00e9quivalent du Nobel en architecture cr\u00e9\u00e9 en 1979.Historique. Ce mardi, le jury du prix Pritzker a port\u00e9 son choix sur Francis K\u00e9r\u00e9. Le Burkinab\u00e8 est r\u00e9compens\u00e9, d&rsquo;apr\u00e8s les organisateurs, \u00ab gr\u00e2ce \u00e0\u00a0son engagement pour la justice sociale et\u00a0\u00e0\u00a0l&rsquo;utilisation intelligente de mat\u00e9riaux locaux pour s&rsquo;adapter et r\u00e9pondre au climat naturel\u00a0\u00bb.<\/p>\n<p>Francis K\u00e9r\u00e9 est consid\u00e9r\u00e9 comme le pionnier de l&rsquo;architecture durable avec des constructions respectueuses de l&rsquo;environnement et reconnues d&rsquo;utilit\u00e9 sociale. Quinquag\u00e9naire, le laur\u00e9at a b\u00e2ti en 2001 \u00e0 Gando, son village natal, une \u00e9cole autour de ce concept.<\/p>\n<p>Outre le Burkina, le vainqueur du prix Aga Khan d&rsquo;architecture en 2004 est \u00e9galement actif au B\u00e9nin, au Mali, au Togo, au Kenya ou encore au Mozambique en dessinant des \u00e9coles, des structures sanitaires, des b\u00e2timents publics, des logements\u2026<\/p>\n<p>Les membres du jury ont particuli\u00e8rement appr\u00e9ci\u00e9 la capacit\u00e9 de l&rsquo;artiste \u00e0 r\u00e9aliser des merveilles \u00ab dans des pays marginalis\u00e9s\u00a0o\u00f9 les contraintes et les difficult\u00e9s sont nombreuses et o\u00f9 l&rsquo;architecture et les infrastructures sont absentes\u00a0\u00bb.<\/p>\n<p>M. K\u00e9r\u00e9, poss\u00e9dant aussi la nationalit\u00e9 allemande, a sign\u00e9 le pavillon d&rsquo;\u00e9t\u00e9 des Galeries Serpentine de Londres (Angleterre). Son talent s&rsquo;exporte d\u00e9sormais aux Etats-Unis et en Chine.<\/p>\n<p>Le prix Pritzker, d\u00e9cern\u00e9 par la fondation Hyatt, repr\u00e9sente la plus haute distinction en architecture. L&rsquo;ann\u00e9e derni\u00e8re, les Fran\u00e7ais Anne Lacaton et Jean-Philippe Vassal \u00e9taient les heureux gagnants.<\/p>\n<p>Cet article <a rel=\"nofollow\" href=\"https:\/\/www.journalducameroun.com\/architecture-francis-kere-remporte-le-prix-pritzker\/\">Architecture : Francis K\u00e9r\u00e9 remporte le prix Pritzker<\/a> est apparu en premier sur <a rel=\"nofollow\" href=\"https:\/\/www.journalducameroun.com\/\">Journal du Cameroun<\/a>.<\/p>\n<\/div>\n<p>Auteur: APA News<br \/>\n<a href=\"https:\/\/www.journalducameroun.com\/architecture-francis-kere-remporte-le-prix-pritzker\/\">Cliquez ici pour lire l&rsquo;article depuis sa source.<\/a><\/p>\n","protected":false},"excerpt":{"rendered":"<p>Le Burkinab\u00e8 devient le tout premier Africain \u00e0 inscrire son nom au palmar\u00e8s du Pritzker, l&rsquo;\u00e9quivalent du Nobel en architecture cr\u00e9\u00e9 en 1979.Historique. Ce mardi, le jury du prix Pritzker a port\u00e9 son choix sur Francis K\u00e9r\u00e9. Le Burkinab\u00e8 est r\u00e9compens\u00e9, d&rsquo;apr\u00e8s les organisateurs, \u00ab gr\u00e2ce \u00e0\u00a0son engagement pour la justice sociale et\u00a0\u00e0\u00a0l&rsquo;utilisation intelligente de [&hellip;]<\/p>\n","protected":false},"author":1965,"featured_media":0,"comment_status":"closed","ping_status":"closed","sticky":false,"template":"","format":"standard","meta":{"fifu_image_url":"https:\/\/www.journalducameroun.com\/wp-content\/uploads\/2022\/03\/16473718832286.jpg","fifu_image_alt":"Architecture : Francis K\u00e9r\u00e9 remporte le prix Pritzker","footnotes":""},"categories":[73,82],"tags":[],"class_list":["post-143209","post","type-post","status-publish","format-standard","hentry","category-actualite","category-cameroun"],"_links":{"self":[{"href":"https:\/\/linitiative.ca\/International\/wp-json\/wp\/v2\/posts\/143209","targetHints":{"allow":["GET"]}}],"collection":[{"href":"https:\/\/linitiative.ca\/International\/wp-json\/wp\/v2\/posts"}],"about":[{"href":"https:\/\/linitiative.ca\/International\/wp-json\/wp\/v2\/types\/post"}],"author":[{"embeddable":true,"href":"https:\/\/linitiative.ca\/International\/wp-json\/wp\/v2\/users\/1965"}],"replies":[{"embeddable":true,"href":"https:\/\/linitiative.ca\/International\/wp-json\/wp\/v2\/comments?post=143209"}],"version-history":[{"count":0,"href":"https:\/\/linitiative.ca\/International\/wp-json\/wp\/v2\/posts\/143209\/revisions"}],"wp:attachment":[{"href":"https:\/\/linitiative.ca\/International\/wp-json\/wp\/v2\/media?parent=143209"}],"wp:term":[{"taxonomy":"category","embeddable":true,"href":"https:\/\/linitiative.ca\/International\/wp-json\/wp\/v2\/categories?post=143209"},{"taxonomy":"post_tag","embeddable":true,"href":"https:\/\/linitiative.ca\/International\/wp-json\/wp\/v2\/tags?post=143209"}],"curies":[{"name":"wp","href":"https:\/\/api.w.org\/{rel}","templated":true}]}}