{"id":143211,"date":"2022-03-15T17:18:03","date_gmt":"2022-03-15T21:18:03","guid":{"rendered":"https:\/\/linitiative.ca\/International\/cote-divoire-des-audiences-foraines-pour-des-eleves-sans-actes-de-naissance\/"},"modified":"2022-03-15T17:18:03","modified_gmt":"2022-03-15T21:18:03","slug":"cote-divoire-des-audiences-foraines-pour-des-eleves-sans-actes-de-naissance","status":"publish","type":"post","link":"https:\/\/linitiative.ca\/International\/cote-divoire-des-audiences-foraines-pour-des-eleves-sans-actes-de-naissance\/","title":{"rendered":"C\u00f4te d\u2019Ivoire : des audiences foraines pour des \u00e9l\u00e8ves sans actes de naissance"},"content":{"rendered":"<div>\n<p><img decoding=\"async\" width=\"900\" height=\"600\" src=\"https:\/\/linitiative.ca\/International\/wp-content\/uploads\/sites\/23\/2022\/03\/16473790831987.jpg\" class=\"attachment-post-thumbnail size-post-thumbnail wp-post-image\" alt=\"\" loading=\"lazy\" srcset=\"https:\/\/linitiative.ca\/International\/wp-content\/uploads\/sites\/23\/2022\/03\/16473790831987.jpg 900w, https:\/\/www.journalducameroun.com\/wp-content\/uploads\/2022\/03\/16473790831987-300x200.jpg 300w, https:\/\/www.journalducameroun.com\/wp-content\/uploads\/2022\/03\/16473790831987-768x512.jpg 768w, https:\/\/www.journalducameroun.com\/wp-content\/uploads\/2022\/03\/16473790831987-660x440.jpg 660w, https:\/\/www.journalducameroun.com\/wp-content\/uploads\/2022\/03\/16473790831987-600x400.jpg 600w\" sizes=\"auto, (max-width: 900px) 100vw, 900px\"><\/p>\n<p>Le minist\u00e8re ivoirien de l&rsquo;\u00c9ducation nationale et de l&rsquo;Alphab\u00e9tisation entend permettre \u00e0 69.523 candidats du public de passer l&rsquo;examen du Certificat d&rsquo;\u00e9tudes primaires \u00e9l\u00e9mentaires (Cepe).En Afrique, la d\u00e9claration des naissances n&rsquo;est toujours pas syst\u00e9matique. La C\u00f4te d&rsquo;Ivoire ne fait pas exception. Du 21 mars au 8 avril 2022, selon une note de la ministre de l&rsquo;\u00c9ducation nationale et de l&rsquo;Alphab\u00e9tisation, Professeure Mariatou Kon\u00e9, des audiences foraines se tiendront \u00ab \u00e0 titre exceptionnel \u00bb pour \u00e9tablir des actes de naissance \u00e0 69.523 \u00e9l\u00e8ves du CM2.<\/p>\n<p>La mesure cible seulement les \u00e9tablissements publics. \u00c0 l&rsquo;issue de cette op\u00e9ration, pr\u00e9vient la ministre de tutelle, aucun \u00e9l\u00e8ve sans extrait de naissance ne sera autoris\u00e9 \u00e0 participer \u00e0 la session 2022 de l&rsquo;examen du Certificat d&rsquo;\u00e9tudes primaires \u00e9l\u00e9mentaires (Cepe).<\/p>\n<p>Cet article <a rel=\"nofollow\" href=\"https:\/\/www.journalducameroun.com\/cote-divoire-des-audiences-foraines-pour-des-eleves-sans-actes-de-naissance\/\">C\u00f4te d\u2019Ivoire : des audiences foraines pour des \u00e9l\u00e8ves sans actes de naissance<\/a> est apparu en premier sur <a rel=\"nofollow\" href=\"https:\/\/www.journalducameroun.com\/\">Journal du Cameroun<\/a>.<\/p>\n<\/div>\n<p>Auteur: APA News<br \/>\n<a href=\"https:\/\/www.journalducameroun.com\/cote-divoire-des-audiences-foraines-pour-des-eleves-sans-actes-de-naissance\/\">Cliquez ici pour lire l&rsquo;article depuis sa source.<\/a><\/p>\n","protected":false},"excerpt":{"rendered":"<p>Le minist\u00e8re ivoirien de l&rsquo;\u00c9ducation nationale et de l&rsquo;Alphab\u00e9tisation entend permettre \u00e0 69.523 candidats du public de passer l&rsquo;examen du Certificat d&rsquo;\u00e9tudes primaires \u00e9l\u00e9mentaires (Cepe).En Afrique, la d\u00e9claration des naissances n&rsquo;est toujours pas syst\u00e9matique. La C\u00f4te d&rsquo;Ivoire ne fait pas exception. Du 21 mars au 8 avril 2022, selon une note de la ministre de [&hellip;]<\/p>\n","protected":false},"author":1965,"featured_media":0,"comment_status":"closed","ping_status":"closed","sticky":false,"template":"","format":"standard","meta":{"fifu_image_url":"https:\/\/www.journalducameroun.com\/wp-content\/uploads\/2022\/03\/16473790831987.jpg","fifu_image_alt":"C\u00f4te d\u2019Ivoire : des audiences foraines pour des \u00e9l\u00e8ves sans actes de naissance","footnotes":""},"categories":[73,82],"tags":[],"class_list":["post-143211","post","type-post","status-publish","format-standard","hentry","category-actualite","category-cameroun"],"_links":{"self":[{"href":"https:\/\/linitiative.ca\/International\/wp-json\/wp\/v2\/posts\/143211","targetHints":{"allow":["GET"]}}],"collection":[{"href":"https:\/\/linitiative.ca\/International\/wp-json\/wp\/v2\/posts"}],"about":[{"href":"https:\/\/linitiative.ca\/International\/wp-json\/wp\/v2\/types\/post"}],"author":[{"embeddable":true,"href":"https:\/\/linitiative.ca\/International\/wp-json\/wp\/v2\/users\/1965"}],"replies":[{"embeddable":true,"href":"https:\/\/linitiative.ca\/International\/wp-json\/wp\/v2\/comments?post=143211"}],"version-history":[{"count":0,"href":"https:\/\/linitiative.ca\/International\/wp-json\/wp\/v2\/posts\/143211\/revisions"}],"wp:attachment":[{"href":"https:\/\/linitiative.ca\/International\/wp-json\/wp\/v2\/media?parent=143211"}],"wp:term":[{"taxonomy":"category","embeddable":true,"href":"https:\/\/linitiative.ca\/International\/wp-json\/wp\/v2\/categories?post=143211"},{"taxonomy":"post_tag","embeddable":true,"href":"https:\/\/linitiative.ca\/International\/wp-json\/wp\/v2\/tags?post=143211"}],"curies":[{"name":"wp","href":"https:\/\/api.w.org\/{rel}","templated":true}]}}