{"id":143214,"date":"2022-03-15T08:50:53","date_gmt":"2022-03-15T12:50:53","guid":{"rendered":"https:\/\/linitiative.ca\/International\/le-cameroun-va-tenter-de-lever-48-milliards-sur-le-marche-des-titres-de-la-beac-cette-semaine\/"},"modified":"2022-03-15T08:50:53","modified_gmt":"2022-03-15T12:50:53","slug":"le-cameroun-va-tenter-de-lever-48-milliards-sur-le-marche-des-titres-de-la-beac-cette-semaine","status":"publish","type":"post","link":"https:\/\/linitiative.ca\/International\/le-cameroun-va-tenter-de-lever-48-milliards-sur-le-marche-des-titres-de-la-beac-cette-semaine\/","title":{"rendered":"Le Cameroun va tenter de lever 48 milliards sur le march\u00e9 des titres de la Beac cette semaine"},"content":{"rendered":"<div>\n<p>Le Tr\u00e9sor public camerounais poursuit son bonhomme de chemin sur le march\u00e9 des titres publics de la Banque des Etats de l\u2019Afrique centrale(Beac).\u00a0Apr\u00e8s avoir capt\u00e9, la semaine derni\u00e8re, 57 milliards pour une maturit\u00e9 de 5 ans, il retourne cette semaine avec deux nouvelles \u00e9missions. Le pays va tenter de mobiliser respectivement 25 et 23 milliards \u00e0 travers deux \u00e9missions d\u2019OTA de maturit\u00e9s respectives de 4 et 5 ans et aux taux d\u2019int\u00e9r\u00eats respectifs de 4,50% et 5,25%.<\/p>\n<p><strong>Lire aussi : <a href=\"https:\/\/ecomatin.net\/obligations-du-tresor-assimilable-le-cameroun-mobilise-57-milliards-sur-le-marche-de-la-beac\/\">Obligations du Tr\u00e9sor assimilable : le Cameroun mobilise 57 milliards sur le march\u00e9 de la Beac<\/a><\/strong><\/p>\n<p>L\u2019op\u00e9ration qui devrait se tenir le 16 mars prochain intervient \u00e0 un moment o\u00f9 le Cameroun semble en manque de r\u00e9ussite sur ce march\u00e9 avec des taux de souscriptions loin des 100%. Cet \u00ab\u00a0essoufflement\u00a0\u00bb de son r\u00e9seau de SVT a \u00e9t\u00e9 relev\u00e9 par le ministre des finances qui croit savoir que la politique de rapatriement des ressources de l\u2019Etat dans les banques commerciales en est l\u2019origine.\u00a0\u00ab Les \u00e9missions des mois de janvier et f\u00e9vrier ont eu des taux de couverture extr\u00eamement faibles, soit moins de 50% pour certaines \u00e9missions\u2026.\u00a0Mes collaborateurs m\u2019ont n\u00e9anmoins donn\u00e9 quelques \u00e9l\u00e9ments de r\u00e9ponses, que j\u2019ai trouv\u00e9s peu pertinents. Il s\u2019agirait entre autres du rapatriement imminent dans le Compte unique du Tr\u00e9sor (CUT), des d\u00e9p\u00f4ts des administrations dans les banques commerciales\u00a0\u00bb\u00a0avait-il relev\u00e9 au mois de f\u00e9vrier.<\/p>\n<p><strong>Lire aussi : <a href=\"https:\/\/ecomatin.net\/en-deux-mois-la-beac-a-ponctionne-165-milliards-s-dexcedents-de-liquidites-dans-les-banques-de-la-cemac\/\">En deux mois, la Beac a ponctionn\u00e9 165 milliards d\u2019exc\u00e9dents de liquidit\u00e9s dans les banques de la Cemac<\/a><\/strong><\/p>\n<p>Avec l\u2019effectivit\u00e9 du CUT,\u00a0celles des banques ayant un fort niveau d\u2019exposition sur l\u2019Etat devraient sentir passer la r\u00e9forme sur leur tr\u00e9sorerie et donc impacter sur leur capacit\u00e9 de financement. Les fonds des entit\u00e9s publiques sont en effet de bons coussins de s\u00e9curit\u00e9 pour les banques fortement corr\u00e9l\u00e9es sur l\u2019Etat. Si on le leur retire, il ne reste plus une grande marge de man\u0153uvre pour pouvoir participer aux op\u00e9rations sur le march\u00e9 mon\u00e9taire.<\/p>\n<p><strong>Lire aussi : <a href=\"https:\/\/ecomatin.net\/secteur-de-lelectricite-la-beac-annonce-des-perspectives-prometteuses-dans-le-segment-de-la-production-au-1er-trimestre\/\">Secteur de l\u2019\u00e9lectricit\u00e9 : la Beac annonce des perspectives prometteuses dans le segment de la production au 1er trimestre<\/a><\/strong><\/p>\n<p>L\u2019article <a rel=\"nofollow\" href=\"https:\/\/ecomatin.net\/le-cameroun-va-tenter-de-lever-48-milliards-sur-le-marche-des-titres-de-la-beac-cette-semaine\/\">Le Cameroun va tenter de lever 48 milliards sur le march\u00e9 des titres de la Beac cette semaine<\/a> est apparu en premier sur <a rel=\"nofollow\" href=\"https:\/\/ecomatin.net\/\">EcoMatin<\/a>.<\/p>\n<\/div>\n<p>Auteur: Cedrick JIONGO<br \/>\n<a href=\"https:\/\/ecomatin.net\/le-cameroun-va-tenter-de-lever-48-milliards-sur-le-marche-des-titres-de-la-beac-cette-semaine\/\">Cliquez ici pour lire l&rsquo;article depuis sa source.<\/a><\/p>\n","protected":false},"excerpt":{"rendered":"<p>Le Tr\u00e9sor public camerounais poursuit son bonhomme de chemin sur le march\u00e9 des titres publics de la Banque des Etats de l\u2019Afrique centrale(Beac).\u00a0Apr\u00e8s avoir capt\u00e9, la semaine derni\u00e8re, 57 milliards pour une maturit\u00e9 de 5 ans, il retourne cette semaine avec deux nouvelles \u00e9missions. Le pays va tenter de mobiliser respectivement 25 et 23 milliards [&hellip;]<\/p>\n","protected":false},"author":1969,"featured_media":0,"comment_status":"closed","ping_status":"closed","sticky":false,"template":"","format":"standard","meta":{"fifu_image_url":"","fifu_image_alt":"","footnotes":""},"categories":[82,78],"tags":[],"class_list":["post-143214","post","type-post","status-publish","format-standard","hentry","category-cameroun","category-economie"],"_links":{"self":[{"href":"https:\/\/linitiative.ca\/International\/wp-json\/wp\/v2\/posts\/143214","targetHints":{"allow":["GET"]}}],"collection":[{"href":"https:\/\/linitiative.ca\/International\/wp-json\/wp\/v2\/posts"}],"about":[{"href":"https:\/\/linitiative.ca\/International\/wp-json\/wp\/v2\/types\/post"}],"author":[{"embeddable":true,"href":"https:\/\/linitiative.ca\/International\/wp-json\/wp\/v2\/users\/1969"}],"replies":[{"embeddable":true,"href":"https:\/\/linitiative.ca\/International\/wp-json\/wp\/v2\/comments?post=143214"}],"version-history":[{"count":0,"href":"https:\/\/linitiative.ca\/International\/wp-json\/wp\/v2\/posts\/143214\/revisions"}],"wp:attachment":[{"href":"https:\/\/linitiative.ca\/International\/wp-json\/wp\/v2\/media?parent=143214"}],"wp:term":[{"taxonomy":"category","embeddable":true,"href":"https:\/\/linitiative.ca\/International\/wp-json\/wp\/v2\/categories?post=143214"},{"taxonomy":"post_tag","embeddable":true,"href":"https:\/\/linitiative.ca\/International\/wp-json\/wp\/v2\/tags?post=143214"}],"curies":[{"name":"wp","href":"https:\/\/api.w.org\/{rel}","templated":true}]}}