{"id":143215,"date":"2022-03-15T09:18:34","date_gmt":"2022-03-15T13:18:34","guid":{"rendered":"https:\/\/linitiative.ca\/International\/st-digital-datacenter-implante-au-cameroun-lorgne-un-accompagnement-de-la-bei\/"},"modified":"2022-03-15T09:18:34","modified_gmt":"2022-03-15T13:18:34","slug":"st-digital-datacenter-implante-au-cameroun-lorgne-un-accompagnement-de-la-bei","status":"publish","type":"post","link":"https:\/\/linitiative.ca\/International\/st-digital-datacenter-implante-au-cameroun-lorgne-un-accompagnement-de-la-bei\/","title":{"rendered":"ST Digital, Datacenter implant\u00e9 au Cameroun, lorgne un accompagnement de la BEI\u00a0"},"content":{"rendered":"<div>\n<p>Une d\u00e9l\u00e9gation de la Banque europ\u00e9enne d\u2019investissement, BEI, a visit\u00e9 le premier datacenter de construction tier 3 op\u00e9r\u00e9 par ST Digital, premier acteur ind\u00e9pendant en Afrique centrale ce mardi 8 mars 2022.\u00a0 Au cours de cette visite de travail, le Directeur G\u00e9n\u00e9ral de ST Digital, Anthony SAME et le Directeur Cloud et Managed Services, Jean Francis Ahanda\u00a0ont pr\u00e9sent\u00e9 aux h\u00f4tes du jour cette infrastructure cloud de derni\u00e8re g\u00e9n\u00e9ration.\u00a0\u00a0<\/p>\n<p><strong>Lire aussi : <a href=\"https:\/\/ecomatin.net\/protection-des-donnees-st-digital-bat-campagne-pour-les-datacenter-made-in-africa\/\">Protection des donn\u00e9es : ST Digital bat campagne pour les Datacenter \u00ab Made in Africa \u00bb<\/a><\/strong><\/p>\n<p>ST Digital en a profit\u00e9 pour expliquer comment son datacenter fonctionne.\u00a0 On apprend ainsi qu\u2019il\u00a0dispose d\u2019infrastructures n\u00e9cessaires pour la mise en \u0153uvre d\u2019un plan d\u2019externalisation performant. Il allie interconnexion s\u00e9curis\u00e9e entre un \u00e9tablissement et le datacenter, des \u00e9quipes support disponibles pour intervenir sur les \u00e9quipements des clients.\u00a0 Le data center de ST Digital dispose aussi d\u2019emplacements \u00e0 louer dans les baies qui peuvent \u00e9galement accueillir\u00a0tous les \u00e9quipements de t\u00e9l\u00e9communications : t\u00e9l\u00e9phonie, fibre optique, ADSL, serveurs SMS etc. de potentiels clients.<\/p>\n<p><strong>Lire aussi : <a href=\"https:\/\/ecomatin.net\/transformation-digitale-lantic-sensibilise-les-administrations\/\">Transformation digitale : l\u2019Antic sensibilise les administrations<\/a><\/strong><\/p>\n<p>En termes d\u2019offres de services, le datacenter de ST Digital propose entre autres aux entreprises de la colocation, de la location, des services logiciels, l\u2019achat du .cm, h\u00e9bergement de site web, messagerie professionnelle.\u00a0\u00a0Au terme de la visite de travail, la d\u00e9l\u00e9gation de la BEI s\u2019est dite satisfaite par ce qu\u2019ils ont vu et entendu.<\/p>\n<p><strong>Lire aussi : <a href=\"https:\/\/ecomatin.net\/protection-des-donnees-st-digital-bat-campagne-pour-les-datacenter-made-in-africa\/\">Protection des donn\u00e9es : ST Digital bat campagne pour les Datacenter \u00ab Made in Africa \u00bb<\/a><\/strong><\/p>\n<p>Pour rappel, la Banque europ\u00e9enne d\u2019investissement a install\u00e9\u00a0<strong>un bureau de repr\u00e9sentation r\u00e9gionale au Cameroun en 2016 qui sert de plateforme pour les projets d\u2019investissement en Afrique centrale. En 2021,<\/strong>\u00a0l\u2019institution financi\u00e8re des \u00c9tats membres de l\u2019Union europ\u00e9enne a ouvert une ligne de cr\u00e9dit de 33 milliards FCFA \u00e0 la Banque de D\u00e9veloppement des Etats d\u2019Afrique centrale BDEAC pour soutenir les \u00e9conomies d\u2019Afrique centrale. L\u2019objectif pour la BEI \u00e9tant d\u2019accompagner les projets porteurs dans la R\u00e9gion.<\/p>\n<p><strong>Lire aussi : <a href=\"https:\/\/ecomatin.net\/un-datacenter-100-africain-simplante-au-cameroun\/\">Un Datacenter 100% africain s\u2019implante au Cameroun<\/a><\/strong><\/p>\n<p>L\u2019article <a rel=\"nofollow\" href=\"https:\/\/ecomatin.net\/st-digital-datacenter-implante-au-cameroun-lorgne-un-accompagnement-de-la-bei\/\">ST Digital, Datacenter implant\u00e9 au Cameroun, lorgne un accompagnement de la BEI\u00a0<\/a> est apparu en premier sur <a rel=\"nofollow\" href=\"https:\/\/ecomatin.net\/\">EcoMatin<\/a>.<\/p>\n<\/div>\n<p>Auteur: Cedrick JIONGO<br \/>\n<a href=\"https:\/\/ecomatin.net\/st-digital-datacenter-implante-au-cameroun-lorgne-un-accompagnement-de-la-bei\/\">Cliquez ici pour lire l&rsquo;article depuis sa source.<\/a><\/p>\n","protected":false},"excerpt":{"rendered":"<p>Une d\u00e9l\u00e9gation de la Banque europ\u00e9enne d\u2019investissement, BEI, a visit\u00e9 le premier datacenter de construction tier 3 op\u00e9r\u00e9 par ST Digital, premier acteur ind\u00e9pendant en Afrique centrale ce mardi 8 mars 2022.\u00a0 Au cours de cette visite de travail, le Directeur G\u00e9n\u00e9ral de ST Digital, Anthony SAME et le Directeur Cloud et Managed Services, Jean [&hellip;]<\/p>\n","protected":false},"author":1969,"featured_media":0,"comment_status":"closed","ping_status":"closed","sticky":false,"template":"","format":"standard","meta":{"fifu_image_url":"","fifu_image_alt":"","footnotes":""},"categories":[82,78],"tags":[],"class_list":["post-143215","post","type-post","status-publish","format-standard","hentry","category-cameroun","category-economie"],"_links":{"self":[{"href":"https:\/\/linitiative.ca\/International\/wp-json\/wp\/v2\/posts\/143215","targetHints":{"allow":["GET"]}}],"collection":[{"href":"https:\/\/linitiative.ca\/International\/wp-json\/wp\/v2\/posts"}],"about":[{"href":"https:\/\/linitiative.ca\/International\/wp-json\/wp\/v2\/types\/post"}],"author":[{"embeddable":true,"href":"https:\/\/linitiative.ca\/International\/wp-json\/wp\/v2\/users\/1969"}],"replies":[{"embeddable":true,"href":"https:\/\/linitiative.ca\/International\/wp-json\/wp\/v2\/comments?post=143215"}],"version-history":[{"count":0,"href":"https:\/\/linitiative.ca\/International\/wp-json\/wp\/v2\/posts\/143215\/revisions"}],"wp:attachment":[{"href":"https:\/\/linitiative.ca\/International\/wp-json\/wp\/v2\/media?parent=143215"}],"wp:term":[{"taxonomy":"category","embeddable":true,"href":"https:\/\/linitiative.ca\/International\/wp-json\/wp\/v2\/categories?post=143215"},{"taxonomy":"post_tag","embeddable":true,"href":"https:\/\/linitiative.ca\/International\/wp-json\/wp\/v2\/tags?post=143215"}],"curies":[{"name":"wp","href":"https:\/\/api.w.org\/{rel}","templated":true}]}}