{"id":143217,"date":"2022-03-15T15:06:40","date_gmt":"2022-03-15T19:06:40","guid":{"rendered":"https:\/\/linitiative.ca\/International\/afrique-centrale-la-fusion-de-la-cemac-et-de-la-ceeac-annoncee-pour-2023\/"},"modified":"2022-03-15T15:06:40","modified_gmt":"2022-03-15T19:06:40","slug":"afrique-centrale-la-fusion-de-la-cemac-et-de-la-ceeac-annoncee-pour-2023","status":"publish","type":"post","link":"https:\/\/linitiative.ca\/International\/afrique-centrale-la-fusion-de-la-cemac-et-de-la-ceeac-annoncee-pour-2023\/","title":{"rendered":"Afrique centrale\u00a0: la fusion de la Cemac et de la Ceeac annonc\u00e9e pour 2023"},"content":{"rendered":"<div>\n<p>L\u2019on en sait un peu plus sur le processus de rationalisation des deux Communaut\u00e9s \u00e9conomiques r\u00e9gionales (CER), que sont la Cemac et de la Communaut\u00e9 \u00e9conomiques des Etats d\u2019Afrique centrale (Ceeac), en une seule entit\u00e9. En effet le sujet \u00e9t\u00e9 abord\u00e9 lors d\u2019une audience qu\u2019a accord\u00e9e le\u00a0\u00a0pr\u00e9sident de la Commission de la Cemac, le Pr Daniel Ona Ondo, \u00e0 une d\u00e9l\u00e9gation du Bureau r\u00e9gional des Nations Unies pour l\u2019Afrique Centrale (Unoca), conduite par Samuel Gahigi.<\/p>\n<p><strong>Lire aussi<\/strong> : <strong><a href=\"https:\/\/ecomatin.net\/fusion-cemac-ceeac-les-experts-pour-la-dissolution-des-deux-organisations\/\">Fusion Cemac\/Ceeac : les experts pour la dissolution des deux organisations<\/a><\/strong><\/p>\n<p>Sur le sujet le Pr\u00e9sident de la Cemac fait savoir que \u00ab \u2026Dans le 2e volet, il y a une r\u00e9forme des CER. Celle qui est confi\u00e9e au Pr\u00e9sident d\u00e9di\u00e9, S.E Paul Biya. En principe les deux CER doivent se mettre ensemble en 2023, \u00e7a doit \u00eatre une fusion-constitution, c\u2019est-\u00e0-dire une nouvelle CER qui devra na\u00eetre des cendres de la Ceeac et de la Cemac \u00bb, a-t-il confi\u00e9 au sortir de cette rencontre.<\/p>\n<p>L\u2019on entend donc par \u2018\u2018fusion-constitution\u2019\u2019 le fait que deux entit\u00e9s A et A\u2019 fusionnent pour cr\u00e9er une nouvelle entit\u00e9 B. En transposant cela dans notre contexte, la Cemac et la Ceeac disparaitront pour laisser place \u00e0 une seule structure n\u00e9e de leur fusion.<\/p>\n<p><strong>Lire aussi<\/strong> : <strong><a href=\"https:\/\/ecomatin.net\/cemac-les-etats-membres-ont-verse-209-milliards-en-guise-de-taxe-communautaire-dintegration-en-2021\/\">Cemac\u00a0: les Etats membres ont vers\u00e9 209 milliards en guise de taxe communautaire d\u2019int\u00e9gration en 2021<\/a><\/strong><\/p>\n<p>Rappelons que la fusion des deux CER, ouvrira la voie \u00e0 la cr\u00e9ation d\u2019un march\u00e9 de pr\u00e8s de 200 millions de consommateurs, une superficie de 6,7 millions de km2 et un PIB de 523 milliards de dollars soit 283,280 milliards de FCFA. De plus, les \u00e9tats de la Ceeac et ceux de la Cemac r\u00e9unis on a au total 11 pays.<\/p>\n<p>L\u2019article <a rel=\"nofollow\" href=\"https:\/\/ecomatin.net\/afrique-centrale-la-fusion-de-la-cemac-et-t-de-la-ceeac-annoncee-pour-2023\/\">Afrique centrale\u00a0: la fusion de la Cemac et de la Ceeac annonc\u00e9e pour 2023<\/a> est apparu en premier sur <a rel=\"nofollow\" href=\"https:\/\/ecomatin.net\/\">EcoMatin<\/a>.<\/p>\n<\/div>\n<p>Auteur: Cindy MBALA<br \/>\n<a href=\"https:\/\/ecomatin.net\/afrique-centrale-la-fusion-de-la-cemac-et-t-de-la-ceeac-annoncee-pour-2023\/\">Cliquez ici pour lire l&rsquo;article depuis sa source.<\/a><\/p>\n","protected":false},"excerpt":{"rendered":"<p>L\u2019on en sait un peu plus sur le processus de rationalisation des deux Communaut\u00e9s \u00e9conomiques r\u00e9gionales (CER), que sont la Cemac et de la Communaut\u00e9 \u00e9conomiques des Etats d\u2019Afrique centrale (Ceeac), en une seule entit\u00e9. En effet le sujet \u00e9t\u00e9 abord\u00e9 lors d\u2019une audience qu\u2019a accord\u00e9e le\u00a0\u00a0pr\u00e9sident de la Commission de la Cemac, le Pr [&hellip;]<\/p>\n","protected":false},"author":1969,"featured_media":0,"comment_status":"closed","ping_status":"closed","sticky":false,"template":"","format":"standard","meta":{"fifu_image_url":"","fifu_image_alt":"","footnotes":""},"categories":[82,78],"tags":[],"class_list":["post-143217","post","type-post","status-publish","format-standard","hentry","category-cameroun","category-economie"],"_links":{"self":[{"href":"https:\/\/linitiative.ca\/International\/wp-json\/wp\/v2\/posts\/143217","targetHints":{"allow":["GET"]}}],"collection":[{"href":"https:\/\/linitiative.ca\/International\/wp-json\/wp\/v2\/posts"}],"about":[{"href":"https:\/\/linitiative.ca\/International\/wp-json\/wp\/v2\/types\/post"}],"author":[{"embeddable":true,"href":"https:\/\/linitiative.ca\/International\/wp-json\/wp\/v2\/users\/1969"}],"replies":[{"embeddable":true,"href":"https:\/\/linitiative.ca\/International\/wp-json\/wp\/v2\/comments?post=143217"}],"version-history":[{"count":0,"href":"https:\/\/linitiative.ca\/International\/wp-json\/wp\/v2\/posts\/143217\/revisions"}],"wp:attachment":[{"href":"https:\/\/linitiative.ca\/International\/wp-json\/wp\/v2\/media?parent=143217"}],"wp:term":[{"taxonomy":"category","embeddable":true,"href":"https:\/\/linitiative.ca\/International\/wp-json\/wp\/v2\/categories?post=143217"},{"taxonomy":"post_tag","embeddable":true,"href":"https:\/\/linitiative.ca\/International\/wp-json\/wp\/v2\/tags?post=143217"}],"curies":[{"name":"wp","href":"https:\/\/api.w.org\/{rel}","templated":true}]}}