{"id":143221,"date":"2022-03-16T10:00:02","date_gmt":"2022-03-16T14:00:02","guid":{"rendered":"https:\/\/linitiative.ca\/International\/hajar-chliah-le-phenomene-du-suicide-dans-la-province-de-chefchaouen-continue-dinquieter\/"},"modified":"2022-03-16T10:00:02","modified_gmt":"2022-03-16T14:00:02","slug":"hajar-chliah-le-phenomene-du-suicide-dans-la-province-de-chefchaouen-continue-dinquieter","status":"publish","type":"post","link":"https:\/\/linitiative.ca\/International\/hajar-chliah-le-phenomene-du-suicide-dans-la-province-de-chefchaouen-continue-dinquieter\/","title":{"rendered":"Hajar Chliah : \u00abLe ph\u00e9nom\u00e8ne du suicide dans la province  de Chefchaouen continue d\u2019inqui\u00e9ter\u00bb"},"content":{"rendered":"<div>\n<p><img loading=\"lazy\" decoding=\"async\" width=\"300\" height=\"153\" src=\"https:\/\/linitiative.ca\/International\/wp-content\/uploads\/sites\/23\/2022\/03\/Hajar-Chliah-association-Oui-aCC80-la-vie-Jeunes-contre-le-suicide-300x153-1.jpg\" class=\"attachment-medium size-medium wp-post-image\" alt=\"\" srcset=\"https:\/\/linitiative.ca\/International\/wp-content\/uploads\/sites\/23\/2022\/03\/Hajar-Chliah-association-Oui-aCC80-la-vie-Jeunes-contre-le-suicide-300x153-1.jpg 300w, https:\/\/aujourdhui.ma\/wp-content\/uploads\/2022\/03\/Hajar-Chliah-association-Oui-a\u0300-la-vie-Jeunes-contre-le-suicide-274x140.jpg 274w, https:\/\/aujourdhui.ma\/wp-content\/uploads\/2022\/03\/Hajar-Chliah-association-Oui-a\u0300-la-vie-Jeunes-contre-le-suicide.jpg 746w, https:\/\/aujourdhui.ma\/wp-content\/uploads\/2022\/03\/Hajar-Chliah-association-Oui-a\u0300-la-vie-Jeunes-contre-le-suicide-165x84.jpg 165w, https:\/\/aujourdhui.ma\/wp-content\/uploads\/2022\/03\/Hajar-Chliah-association-Oui-a\u0300-la-vie-Jeunes-contre-le-suicide-702x358.jpg 702w\" sizes=\"auto, (max-width: 300px) 100vw, 300px\"><\/p>\n<p><span style=\"color: #800000; font-size: 20px;\"><strong>Hajar Chliah, pr\u00e9sidente de l\u2019association \u00abOui \u00e0 la vie, \u2026, Jeunes contre le suicide\u00bb<\/strong><\/span><br \/>\n<span id=\"more-402573\"><\/span><\/p>\n<p><span style=\"color: #ff0000;\">Dans cet entretien, Hajar Chliah, pr\u00e9sidente de \u00abOui \u00e0 la vie, \u2026, Jeunes contre le suicide\u00bb, pr\u00e9sente les objectifs de la formation \u00e0 la cr\u00e9ation des projets cr\u00e9ateurs des revenus organis\u00e9e derni\u00e8rement au profit des jeunes de Chefchaouen et les actions men\u00e9es pour la pr\u00e9vention du suicide dans la province.<\/span><\/p>\n<p><strong>ALM : Pourriez-vous nous expliquer le lien entre cette formation avec l\u2019objectif de votre association en mati\u00e8re de lutte contre le suicide ?<\/strong><\/p>\n<p><span style=\"color: #ff0000;\"><strong>Hajar Chliah :<\/strong> <\/span>Nous sommes fid\u00e8les \u00e0 nos engagements, \u00e0 travers des activit\u00e9s et actions de sensibilisation men\u00e9es conform\u00e9ment aux objectifs de notre association \u0153uvrant dans la pr\u00e9vention du suicide \u00e0 la province de Chefchaouen. Nous avons choisi d\u2019organiser la formation \u00e0 la cr\u00e9ation des projets cr\u00e9ateurs de revenus au profit des jeunes et coop\u00e9ratives dans cette province. Nous avons cibl\u00e9 parmi les b\u00e9n\u00e9ficiaires de cette formation des jeunes en situation pr\u00e9caire ayant pens\u00e9 dans le pass\u00e9 au suicide. Ils cherchent, g\u00e9n\u00e9ralement, avec l\u2019appui de leur famille et de leur entourage, \u00e0 retrouver vite go\u00fbt \u00e0 la vie, mais aussi gr\u00e2ce \u00e0 la cr\u00e9ation de leurs propres projets ou l\u2019exercice d\u2019un emploi stable pour pouvoir se prendre en charge financi\u00e8rement.<\/p>\n<p><strong>En quoi consiste pr\u00e9cis\u00e9ment cette formation ?<\/strong><\/p>\n<p>Cette formation vise \u00e0 sensibiliser les jeunes b\u00e9n\u00e9ficiaires \u00e0 l\u2019esprit de l\u2019entrepreneuriat dans la province. Elle permet d\u2019orienter les jeunes b\u00e9n\u00e9ficiaires dans leur acc\u00e8s au financement aupr\u00e8s des institutions financi\u00e8res. Nous travaillons au sein de notre association en vue d\u2019\u00e9largir nos actions d\u2019appui et d\u2019accompagnement des jeunes dans la cr\u00e9ation et le d\u00e9veloppement de leur projet. D\u2019autant plus qu\u2019il y a un manque d\u2019opportunit\u00e9s d\u2019emploi \u00e0 cause de la r\u00e9cession \u00e9conomique que conna\u00eet la province.<\/p>\n<p><strong>En tant que pr\u00e9sidente de \u00abOui \u00e0 la vie\u00bb, \u0153uvrant dans la pr\u00e9vention du suicide, comment expliquez-vous la recrudescence de ce ph\u00e9nom\u00e8ne dans la province ?<\/strong><\/p>\n<p>Les donn\u00e9es statistiques issues des diff\u00e9rentes \u00e9tudes et enqu\u00eates de terrain men\u00e9es continuent de placer Chefchaouen \u00e0 la t\u00eate des zones les plus touch\u00e9es par le ph\u00e9nom\u00e8ne du suicide. Mais elles n\u2019arrivent pas \u00e0 donner des explications plus pr\u00e9cises \u00e0 la recrudescence de ce fl\u00e9au dans la province. Nous constatons que les causes du suicide sont multiples, mais nous ne savons pas le vrai motif ou le nombre exact des cas de suicide. Les pr\u00e9c\u00e9dentes enqu\u00eates font savoir que ce ph\u00e9nom\u00e8ne touche les hommes et les femmes et les diff\u00e9rentes composantes sociales des zones de la province. Et comme je viens de le dire, la crise \u00e9conomique ne fait qu\u2019aggraver la situation, puisque les probl\u00e8mes d\u2019argent sont toujours parmi les causes principales des actes de suicide.<\/p>\n<p><strong>Pourquoi de en plus de jeunes et d\u2019adolescents d pensent \u00e0 se donner la mort ?<\/strong><\/p>\n<p>Le ph\u00e9nom\u00e8ne du suicide, quel que soit l\u2019\u00e2ge de la victime, continue d\u2019inqui\u00e9ter les responsables et les habitants de la province. Celui des enfants et des jeunes adolescents est encore plus inqui\u00e9tant et demeure un myst\u00e8re aux yeux de leur famille et leur entourage. C\u2019est pourquoi les autorit\u00e9s travaillent en coordination avec les d\u00e9partements et les institutions concern\u00e9s ainsi que la soci\u00e9t\u00e9 civile pour pr\u00e9venir ce ph\u00e9nom\u00e8ne.<\/p>\n<\/div>\n<p>Auteur: Najat Fa\u00efssal<br \/>\n<a href=\"https:\/\/aujourdhui.ma\/societe\/hajar-chliah-le-phenomene-du-suicide-dans-la-province-de-chefchaouen-continue-dinquieter\">Cliquez ici pour lire l&rsquo;article depuis sa source.<\/a><\/p>\n","protected":false},"excerpt":{"rendered":"<p>Hajar Chliah, pr\u00e9sidente de l\u2019association \u00abOui \u00e0 la vie, \u2026, Jeunes contre le suicide\u00bb Dans cet entretien, Hajar Chliah, pr\u00e9sidente de \u00abOui \u00e0 la vie, \u2026, Jeunes contre le suicide\u00bb, pr\u00e9sente les objectifs de la formation \u00e0 la cr\u00e9ation des projets cr\u00e9ateurs des revenus organis\u00e9e derni\u00e8rement au profit des jeunes de Chefchaouen et les actions [&hellip;]<\/p>\n","protected":false},"author":1759,"featured_media":0,"comment_status":"closed","ping_status":"closed","sticky":false,"template":"","format":"standard","meta":{"fifu_image_url":"https:\/\/aujourdhui.ma\/wp-content\/uploads\/2022\/03\/Hajar-Chliah-association-Oui-a\u0300-la-vie-Jeunes-contre-le-suicide-300x153.jpg","fifu_image_alt":"Hajar Chliah : \u00abLe ph\u00e9nom\u00e8ne du suicide dans la province  de Chefchaouen continue d\u2019inqui\u00e9ter\u00bb","footnotes":""},"categories":[73,54],"tags":[],"class_list":["post-143221","post","type-post","status-publish","format-standard","hentry","category-actualite","category-maroc"],"_links":{"self":[{"href":"https:\/\/linitiative.ca\/International\/wp-json\/wp\/v2\/posts\/143221","targetHints":{"allow":["GET"]}}],"collection":[{"href":"https:\/\/linitiative.ca\/International\/wp-json\/wp\/v2\/posts"}],"about":[{"href":"https:\/\/linitiative.ca\/International\/wp-json\/wp\/v2\/types\/post"}],"author":[{"embeddable":true,"href":"https:\/\/linitiative.ca\/International\/wp-json\/wp\/v2\/users\/1759"}],"replies":[{"embeddable":true,"href":"https:\/\/linitiative.ca\/International\/wp-json\/wp\/v2\/comments?post=143221"}],"version-history":[{"count":0,"href":"https:\/\/linitiative.ca\/International\/wp-json\/wp\/v2\/posts\/143221\/revisions"}],"wp:attachment":[{"href":"https:\/\/linitiative.ca\/International\/wp-json\/wp\/v2\/media?parent=143221"}],"wp:term":[{"taxonomy":"category","embeddable":true,"href":"https:\/\/linitiative.ca\/International\/wp-json\/wp\/v2\/categories?post=143221"},{"taxonomy":"post_tag","embeddable":true,"href":"https:\/\/linitiative.ca\/International\/wp-json\/wp\/v2\/tags?post=143221"}],"curies":[{"name":"wp","href":"https:\/\/api.w.org\/{rel}","templated":true}]}}