{"id":143223,"date":"2022-03-16T10:20:32","date_gmt":"2022-03-16T14:20:32","guid":{"rendered":"https:\/\/linitiative.ca\/International\/rhany-kabbadj-dans-safi-salina-en-ce-ramadan-sur-2m\/"},"modified":"2022-03-16T10:20:32","modified_gmt":"2022-03-16T14:20:32","slug":"rhany-kabbadj-dans-safi-salina-en-ce-ramadan-sur-2m","status":"publish","type":"post","link":"https:\/\/linitiative.ca\/International\/rhany-kabbadj-dans-safi-salina-en-ce-ramadan-sur-2m\/","title":{"rendered":"Rhany Kabbadj dans \u00abSafi Salina\u00bb  en ce Ramadan sur 2M"},"content":{"rendered":"<div>\n<p><img loading=\"lazy\" decoding=\"async\" width=\"300\" height=\"153\" src=\"https:\/\/linitiative.ca\/International\/wp-content\/uploads\/sites\/23\/2022\/03\/Rhany_Kabbaj-300x153-1.png\" class=\"attachment-medium size-medium wp-post-image\" alt=\"\" srcset=\"https:\/\/linitiative.ca\/International\/wp-content\/uploads\/sites\/23\/2022\/03\/Rhany_Kabbaj-300x153-1.png 300w, https:\/\/aujourdhui.ma\/wp-content\/uploads\/2022\/03\/Rhany_Kabbaj-274x140.png 274w, https:\/\/aujourdhui.ma\/wp-content\/uploads\/2022\/03\/Rhany_Kabbaj.png 746w, https:\/\/aujourdhui.ma\/wp-content\/uploads\/2022\/03\/Rhany_Kabbaj-165x84.png 165w, https:\/\/aujourdhui.ma\/wp-content\/uploads\/2022\/03\/Rhany_Kabbaj-702x358.png 702w\" sizes=\"auto, (max-width: 300px) 100vw, 300px\"><\/p>\n<p><span style=\"color: #800000;\"><strong>Il est \u00e9galement chanteur<\/strong><\/span><span id=\"more-402564\"><\/span><\/p>\n<p>La star marocaine Rhany Kabbadj se lance \u00e0 fond dans la com\u00e9die. En Ramadan 2022, il se produira, tel qu\u2019il l\u2019annonce \u00e0 ALM, dans une nouvelle \u00abproduction comique marocaine\u00bb. Intitul\u00e9e \u00abSafi Salina\u00bb (C\u2019est fini), cette \u0153uvre, t\u00e9l\u00e9vis\u00e9e r\u00e9alis\u00e9e par Mohamed Ali El Mejboud et produite par Dune Films, sera diffus\u00e9e sur la cha\u00eene 2M. L\u2019artiste s\u2019y affiche aux c\u00f4t\u00e9s d\u2019autres vedettes marocaines. L\u2019aspect humoristique, dans la bande annonce de \u00abSafi Salina\u00bb, est facilement perceptible chez l\u2019acteur qui s\u2019est \u00e9galement affich\u00e9 en Ramadan dernier dans la s\u00e9rie \u00abBab El Bahr\u00bb (La porte de la mer).<\/p>\n<p>Au-del\u00e0 de ces productions pour le mois sacr\u00e9, il m\u00e8ne sa carri\u00e8re d\u2019humoriste doucement mais s\u00fbrement. R\u00e9cemment, il a con\u00e7u son spectacle \u00abLa Familia\u00bb. Cette \u0153uvre est, tel que l\u2019exalte cet artiste, \u00abune com\u00e9die hilarante\u00bb. Il y incarne, tel qu\u2019il le pr\u00e9cise, plusieurs personnages connus allant de Elvis Presley, son chanteur pr\u00e9f\u00e9r\u00e9, aux membres de sa famille. \u00abC\u2019est l\u2019histoire de plusieurs personnes qui vivent dans un seul corps. Un voyage au sein de cette famille incroyable\u00bb, s\u2019exprime Rhany, \u00e9galement chanteur, qui partage des histoires v\u00e9cues \u00ab\u00e0 dormir debout\u00bb ! Lors de son spectacle, il interpr\u00e8te, tel qu\u2019il le r\u00e9v\u00e8le, des chansons live d\u2019Elvis Presley et d\u2019autres \u00abin\u00e9dites voire pour la premi\u00e8re fois \u00e9crites par Pierre Palmade\u00bb. Quant au show, il est co\u00e9crit et mis en sc\u00e8ne par Saif Settif en collaboration avec Fran\u00e7ois Bataille et Germain Attia.<\/p>\n<p>Outre ce stand-up, l\u2019artiste marocain a pr\u00e9sent\u00e9 un autre intitul\u00e9 \u00abBl\u2019vitamine\u00bb mis en sc\u00e8ne par Abdelali Lamhar. Un spectacle relatant son parcours artistique marqu\u00e9 par des tourn\u00e9es et des rencontres avec d\u2019autres artistes. Ce one-man-show, qui a d\u2019ailleurs eu beaucoup de succ\u00e8s, a permis de d\u00e9couvrir le musicien \u00e0 la facette cach\u00e9e d\u2019humoriste. Une \u0153uvre \u00e9galement jalonn\u00e9e par l\u2019interpr\u00e9tation de diff\u00e9rents singles de l\u2019artiste dont \u00abBladi Lghalia\u00bb et \u00abMamia\u00bb, ainsi que l\u2019\u00e9vocation de La Havane. Un pays qui a fort marqu\u00e9 la carri\u00e8re du chanteur qui le cite \u00e0 plusieurs occasions. Ce stand-up musical, au cours duquel il raconte aussi sa vie priv\u00e9e avec d\u00e9rision en remontant \u00e0 la mort de son p\u00e8re, a la particularit\u00e9 d\u2019\u00eatre pr\u00e9sent\u00e9 avec une valeur ajout\u00e9e \u00e0 Rabat. \u00abDans l\u2019histoire sur mon p\u00e8re, j\u2019ai compris dans l\u2019attitude des Casablancais qu\u2019ils voulaient en savoir plus\u00bb, indiquait l\u2019artiste \u00e0 ALM en pr\u00e9lude \u00e0 ce show \u00e0 Rabat. C\u2019est pourquoi il a ajout\u00e9 dans \u00abBl\u2019vitamine\u00bb \u00e0 la capitale, une ou deux anecdotes sur son p\u00e8re. \u00abCe spectacle est une th\u00e9rapie que je n\u2019ai jamais pu faire !\u00bb, confiait-il.<\/p>\n<p>Quant \u00e0 son \u00e2me de com\u00e9dien, il l\u2019a depuis belle lurette. \u00abLorsque je partais chez des amis, on me r\u00e9clamait surtout des blagues\u00bb, se rem\u00e9more Rhany, habitu\u00e9 \u00e0 chanter depuis une trentaine d\u2019ann\u00e9es, qui reconna\u00eet \u00e9galement avoir eu du mal \u00e0 abonder dans le sens de la com\u00e9die. \u00abJ\u2019avais peur que cela enl\u00e8ve quelque chose \u00e0 la musique. Maintenant c\u2019est ma carri\u00e8re de musicien, qui ne va pas changer, qui m\u2019a aid\u00e9 \u00e0 ouvrir des portes\u00bb, affirmait-il. Pour rappel, le chanteur a, apr\u00e8s ce stand-up musical, lanc\u00e9, entre-temps, d\u2019autres \u0153uvres comme \u00abEl Cuarto De Tula\u00bb. D\u2019apr\u00e8s lui, \u00abce produit est un alliage entre des photos prises \u00e0 Cuba en 1999 et un live tourn\u00e9 en 2018 lors du festival Alegria \u00e0 Chefchaouen\u00bb. De plus, il a interpr\u00e9t\u00e9 le single \u00abUn mot de toi\u00bb en version cubaine. Entre-temps, il a lanc\u00e9 des singles comme \u00abJabni Mjiba\u00bb et \u00abMa Menouch\u00bb. Des tubes toujours \u00e0 succ\u00e8s.<br \/>\nEn alliant davantage la musique \u00e0 la com\u00e9die, l\u2019artiste gagnera, \u00e0 coup s\u00fbr, en appr\u00e9ciation aupr\u00e8s du public.<\/p>\n<\/div>\n<p>Auteur: Salima Guisser<br \/>\n<a href=\"https:\/\/aujourdhui.ma\/culture\/rhany-kabbadj-dans-safi-salina-en-ce-ramadan-sur-2m\">Cliquez ici pour lire l&rsquo;article depuis sa source.<\/a><\/p>\n","protected":false},"excerpt":{"rendered":"<p>Il est \u00e9galement chanteur La star marocaine Rhany Kabbadj se lance \u00e0 fond dans la com\u00e9die. En Ramadan 2022, il se produira, tel qu\u2019il l\u2019annonce \u00e0 ALM, dans une nouvelle \u00abproduction comique marocaine\u00bb. Intitul\u00e9e \u00abSafi Salina\u00bb (C\u2019est fini), cette \u0153uvre, t\u00e9l\u00e9vis\u00e9e r\u00e9alis\u00e9e par Mohamed Ali El Mejboud et produite par Dune Films, sera diffus\u00e9e sur [&hellip;]<\/p>\n","protected":false},"author":1759,"featured_media":0,"comment_status":"closed","ping_status":"closed","sticky":false,"template":"","format":"standard","meta":{"fifu_image_url":"https:\/\/aujourdhui.ma\/wp-content\/uploads\/2022\/03\/Rhany_Kabbaj-300x153.png","fifu_image_alt":"Rhany Kabbadj dans \u00abSafi Salina\u00bb  en ce Ramadan sur 2M","footnotes":""},"categories":[73,54],"tags":[],"class_list":["post-143223","post","type-post","status-publish","format-standard","hentry","category-actualite","category-maroc"],"_links":{"self":[{"href":"https:\/\/linitiative.ca\/International\/wp-json\/wp\/v2\/posts\/143223","targetHints":{"allow":["GET"]}}],"collection":[{"href":"https:\/\/linitiative.ca\/International\/wp-json\/wp\/v2\/posts"}],"about":[{"href":"https:\/\/linitiative.ca\/International\/wp-json\/wp\/v2\/types\/post"}],"author":[{"embeddable":true,"href":"https:\/\/linitiative.ca\/International\/wp-json\/wp\/v2\/users\/1759"}],"replies":[{"embeddable":true,"href":"https:\/\/linitiative.ca\/International\/wp-json\/wp\/v2\/comments?post=143223"}],"version-history":[{"count":0,"href":"https:\/\/linitiative.ca\/International\/wp-json\/wp\/v2\/posts\/143223\/revisions"}],"wp:attachment":[{"href":"https:\/\/linitiative.ca\/International\/wp-json\/wp\/v2\/media?parent=143223"}],"wp:term":[{"taxonomy":"category","embeddable":true,"href":"https:\/\/linitiative.ca\/International\/wp-json\/wp\/v2\/categories?post=143223"},{"taxonomy":"post_tag","embeddable":true,"href":"https:\/\/linitiative.ca\/International\/wp-json\/wp\/v2\/tags?post=143223"}],"curies":[{"name":"wp","href":"https:\/\/api.w.org\/{rel}","templated":true}]}}