{"id":143230,"date":"2022-03-16T11:26:50","date_gmt":"2022-03-16T15:26:50","guid":{"rendered":"https:\/\/linitiative.ca\/International\/carburants-le-gouvernement-decide-de-soutenir-les-professionnels-du-transport-pour-preserver-le-pouvoir-dachat-des-citoyens\/"},"modified":"2022-03-16T11:26:50","modified_gmt":"2022-03-16T15:26:50","slug":"carburants-le-gouvernement-decide-de-soutenir-les-professionnels-du-transport-pour-preserver-le-pouvoir-dachat-des-citoyens","status":"publish","type":"post","link":"https:\/\/linitiative.ca\/International\/carburants-le-gouvernement-decide-de-soutenir-les-professionnels-du-transport-pour-preserver-le-pouvoir-dachat-des-citoyens\/","title":{"rendered":"Carburants: le gouvernement d\u00e9cide de soutenir les professionnels du transport pour pr\u00e9server le pouvoir d\u2019achat des citoyens"},"content":{"rendered":"<div>\n<p><img loading=\"lazy\" decoding=\"async\" width=\"300\" height=\"152\" src=\"https:\/\/linitiative.ca\/International\/wp-content\/uploads\/sites\/23\/2022\/03\/Carburants-300x152-1.png\" class=\"attachment-medium size-medium wp-post-image\" alt=\"\" srcset=\"https:\/\/linitiative.ca\/International\/wp-content\/uploads\/sites\/23\/2022\/03\/Carburants-300x152-1.png 300w, https:\/\/aujourdhui.ma\/wp-content\/uploads\/2022\/03\/Carburants-274x140.png 274w, https:\/\/aujourdhui.ma\/wp-content\/uploads\/2022\/03\/Carburants-746x380.png 746w, https:\/\/aujourdhui.ma\/wp-content\/uploads\/2022\/03\/Carburants-165x84.png 165w, https:\/\/aujourdhui.ma\/wp-content\/uploads\/2022\/03\/Carburants-702x358.png 702w, https:\/\/aujourdhui.ma\/wp-content\/uploads\/2022\/03\/Carburants.png 748w\" sizes=\"auto, (max-width: 300px) 100vw, 300px\"><\/p>\n<p><strong>Le gouvernement a annonc\u00e9, mercredi, sa d\u00e9cision d\u2019allouer un soutien aux professionnels du transport dans le but de pr\u00e9server le pouvoir d\u2019achat des citoyens compte tenu de la conjoncture actuelle, marqu\u00e9e par une hausse des prix des carburants aux niveaux national et mondial.<\/strong><span id=\"more-402594\"><\/span><\/p>\n<p>L\u2019annonce de ce soutien a \u00e9t\u00e9 faite lors d\u2019un point de presse conjoint du ministre du Transport et de la Logistique, Mohamed Abdeljalil, le ministre d\u00e9l\u00e9gu\u00e9 aupr\u00e8s du ministre de l\u2019\u00c9conomie et des Finances, charg\u00e9 du Budget, Fouzi Lekjaa et le ministre d\u00e9l\u00e9gu\u00e9 aupr\u00e8s du chef du gouvernement charg\u00e9 des Relations avec le Parlement, porte-parole du gouvernement, Mustapha Baitas.<\/p>\n<p>A cette occasion, les ministres ont soulign\u00e9 qu\u2019une commission interminist\u00e9rielle, form\u00e9e \u00e0 l\u2019effet d\u2019op\u00e9rationnaliser ce soutien, a entam\u00e9 son action vendredi dernier, notant que les d\u00e9tails de cette op\u00e9ration seront d\u00e9voil\u00e9s dans les prochains jours.<\/p>\n<p>Une plateforme num\u00e9rique a \u00e9t\u00e9 cr\u00e9\u00e9e pour faciliter l\u2019acheminement de ce soutien aux professionnels, ont-ils ajout\u00e9, faisant \u00e9tat de la mise en place \u00e9galement d\u2019un cadre participatif avec \u00ab\u00a0Barid Bank\u00a0\u00bb, qui sera charg\u00e9 de contr\u00f4ler et de centraliser cette op\u00e9ration.<\/p>\n<\/div>\n<p>Auteur: ALM<br \/>\n<a href=\"https:\/\/aujourdhui.ma\/actualite\/carburants-le-gouvernement-decide-de-soutenir-les-professionnels-du-transport-pour-preserver-le-pouvoir-dachat-des-citoyens\">Cliquez ici pour lire l&rsquo;article depuis sa source.<\/a><\/p>\n","protected":false},"excerpt":{"rendered":"<p>Le gouvernement a annonc\u00e9, mercredi, sa d\u00e9cision d\u2019allouer un soutien aux professionnels du transport dans le but de pr\u00e9server le pouvoir d\u2019achat des citoyens compte tenu de la conjoncture actuelle, marqu\u00e9e par une hausse des prix des carburants aux niveaux national et mondial. L\u2019annonce de ce soutien a \u00e9t\u00e9 faite lors d\u2019un point de presse [&hellip;]<\/p>\n","protected":false},"author":1759,"featured_media":0,"comment_status":"closed","ping_status":"closed","sticky":false,"template":"","format":"standard","meta":{"fifu_image_url":"https:\/\/aujourdhui.ma\/wp-content\/uploads\/2022\/03\/Carburants-300x152.png","fifu_image_alt":"Carburants: le gouvernement d\u00e9cide de soutenir les professionnels du transport pour pr\u00e9server le pouvoir d\u2019achat des citoyens","footnotes":""},"categories":[73,54],"tags":[],"class_list":["post-143230","post","type-post","status-publish","format-standard","hentry","category-actualite","category-maroc"],"_links":{"self":[{"href":"https:\/\/linitiative.ca\/International\/wp-json\/wp\/v2\/posts\/143230","targetHints":{"allow":["GET"]}}],"collection":[{"href":"https:\/\/linitiative.ca\/International\/wp-json\/wp\/v2\/posts"}],"about":[{"href":"https:\/\/linitiative.ca\/International\/wp-json\/wp\/v2\/types\/post"}],"author":[{"embeddable":true,"href":"https:\/\/linitiative.ca\/International\/wp-json\/wp\/v2\/users\/1759"}],"replies":[{"embeddable":true,"href":"https:\/\/linitiative.ca\/International\/wp-json\/wp\/v2\/comments?post=143230"}],"version-history":[{"count":0,"href":"https:\/\/linitiative.ca\/International\/wp-json\/wp\/v2\/posts\/143230\/revisions"}],"wp:attachment":[{"href":"https:\/\/linitiative.ca\/International\/wp-json\/wp\/v2\/media?parent=143230"}],"wp:term":[{"taxonomy":"category","embeddable":true,"href":"https:\/\/linitiative.ca\/International\/wp-json\/wp\/v2\/categories?post=143230"},{"taxonomy":"post_tag","embeddable":true,"href":"https:\/\/linitiative.ca\/International\/wp-json\/wp\/v2\/tags?post=143230"}],"curies":[{"name":"wp","href":"https:\/\/api.w.org\/{rel}","templated":true}]}}