{"id":143232,"date":"2022-03-15T14:00:00","date_gmt":"2022-03-15T18:00:00","guid":{"rendered":"https:\/\/linitiative.ca\/International\/la-jeunesse-socialiste-sindigne-et-condamne-larbitraire\/"},"modified":"2022-03-15T14:00:00","modified_gmt":"2022-03-15T18:00:00","slug":"la-jeunesse-socialiste-sindigne-et-condamne-larbitraire","status":"publish","type":"post","link":"https:\/\/linitiative.ca\/International\/la-jeunesse-socialiste-sindigne-et-condamne-larbitraire\/","title":{"rendered":"La jeunesse socialiste s\u2019indigne et condamne l\u2019arbitraire\u2026"},"content":{"rendered":"<div>\n<p class=\"has-text-align-center has-vivid-red-color has-text-color\"><strong>Arrestation et condamnation d\u2019enseignants contractuels\u00a0<\/strong><\/p>\n<p class=\"has-text-align-right has-black-color has-text-color\"><strong>M\u2019Barek TAFSI\u00a0<\/strong><\/p>\n<p class=\"has-black-color has-text-color\"><strong>La Jeunesse Socialiste, organisation parall\u00e8le du Parti du Progr\u00e8s et du Socialisme, \u00abcondamne fermement les agressions, la r\u00e9pression, les arrestations et les condamnations arbitraires\u00bb contre les enseignantes et les enseignants contractuels, appr\u00e9hend\u00e9s lors de \u00ab\u00a0leurs manifestations pacifiques\u00a0\u00bb pour \u00ab\u00a0l\u2019abandon d\u00e9finitif du syst\u00e8me des contrats\u00a0\u00bb et \u00ab\u00a0leur int\u00e9gration dans la fonction publique\u00a0\u00bb.<\/strong><\/p>\n<p class=\"has-black-color has-text-color\">Jeudi 10 mars courant, le tribunal de premi\u00e8re instance de Rabat a en effet prononc\u00e9 des condamnations contre 45 enseignantes et enseignants : 32 d\u2019entre eux ont \u00e9t\u00e9 condamn\u00e9s \u00e0 deux mois de prison avec sursis chacun et 12 autres \u00e0 deux mois de prison avec sursis assortis d\u2019une amende de 1000 dirhams chacun. Quant \u00e0 l\u2019enseignante contractuelle Nezha Majdi, elle a \u00e9t\u00e9 condamn\u00e9e \u00e0 3 mois de prison ferme.<\/p>\n<p class=\"has-black-color has-text-color\">Dans un communiqu\u00e9 en date du samedi 12 mars, le bureau national de l\u2019organisation de la JS insiste sur \u00ab\u00a0l\u2019iniquit\u00e9\u00a0\u00bb des ces jugements \u00e0 l\u2019encontre des d\u00e9tenus d\u2019opinion et des enseignants contractuels, convaincus de la justesse de leur cause.<\/p>\n<p class=\"has-black-color has-text-color\">Il condamne de mani\u00e8re absolue cette d\u00e9rive et indique avoir suivi avec \u00e9tonnement et consternation les d\u00e9veloppements du dossier des enseignants contractuels qui ont \u00e9t\u00e9 la cible d\u2019une offensive acharn\u00e9e et de pratiques r\u00e9pressives, qui marquent un recul sans pr\u00e9c\u00e9dent au niveau des droits humains au Maroc depuis l\u2019adoption en 2011 de la Constitution.<\/p>\n<p class=\"has-black-color has-text-color\">Cette offensive s\u2019est traduite par des arrestations, des poursuites judicaires et des proc\u00e8s \u00ab\u00a0in\u00e9quitables en violation flagrante des conventions internationales ratifi\u00e9es par le Maroc et de la l\u00e9gislation nationale y aff\u00e9rente\u00a0\u00bb.<\/p>\n<p class=\"has-black-color has-text-color\">La campagne a \u00e9t\u00e9 \u00e9galement marqu\u00e9e par des \u00ab\u00a0proc\u00e8s in\u00e9quitables, le non respect des droits de la d\u00e9fense et des accusations pr\u00e9fabriqu\u00e9es\u00a0\u00bb, des pratiques qui rappellent, selon le communiqu\u00e9, la fameuse expression de \u00ab\u00a0tout ce qui est susceptible de porter atteinte \u00e0 l\u2019ordre public\u00a0\u00bb qui servait comme pr\u00e9texte pour porter de fausses accusations contre quiconque oserait exprimer son opinion.\u00a0 \u00a0<\/p>\n<p class=\"has-black-color has-text-color\">La Jeunesse Socialiste r\u00e9it\u00e8re aussi, dans son communiqu\u00e9, \u00ab\u00a0sa solidarit\u00e9 inconditionnelle avec les enseignants contractuels qui ne r\u00e9clament que leur int\u00e9gration dans le cycle de la fonction publique\u00a0\u00bb et \u00ab\u00a0exhorte les parties concern\u00e9es \u00e0 revenir sur leurs d\u00e9cisions et jugements\u00a0\u00bb.<\/p>\n<p class=\"has-black-color has-text-color\">Elle en appelle aussi \u00e0 toutes les organisations des droits humains, syndicales et partisanes et \u00e0 tous les secteurs de la jeunesse \u00e0 agir de concert pour contribuer \u00e0 la recherche d\u2019une solution d\u00e9finitive \u00e0 ce probl\u00e8me qui \u00ab\u00a0co\u00fbte tr\u00e8s cher au syst\u00e8me de l\u2019\u00e9ducation et de la formation et met en p\u00e9ril l\u2019avenir d\u2019une partie importante de cette cat\u00e9gorie sociale\u00a0\u00bb.<\/p>\n<p class=\"has-black-color has-text-color\">Pour leur part, les enseignants contractuels ont fustig\u00e9 ces condamnations et r\u00e9affirm\u00e9 leur mobilisation et leur d\u00e9termination \u00e0 poursuivre leur mouvement jusqu\u2019\u00e0 la satisfaction de leurs revendications.<\/p>\n<p>L\u2019article <a rel=\"nofollow\" href=\"http:\/\/albayane.press.ma\/la-jeunesse-socialiste-sindigne-et-condamne-larbitraire.html\">La jeunesse socialiste s\u2019indigne et condamne l\u2019arbitraire\u2026<\/a> est apparu en premier sur <a rel=\"nofollow\" href=\"http:\/\/albayane.press.ma\/\">ALBAYANE<\/a>.<\/p>\n<\/div>\n<p>Auteur: M&rsquo;hammed rahal<br \/>\n<a href=\"http:\/\/albayane.press.ma\/la-jeunesse-socialiste-sindigne-et-condamne-larbitraire.html\">Cliquez ici pour lire l&rsquo;article depuis sa source.<\/a><\/p>\n","protected":false},"excerpt":{"rendered":"<p>Arrestation et condamnation d\u2019enseignants contractuels\u00a0 M\u2019Barek TAFSI\u00a0 La Jeunesse Socialiste, organisation parall\u00e8le du Parti du Progr\u00e8s et du Socialisme, \u00abcondamne fermement les agressions, la r\u00e9pression, les arrestations et les condamnations arbitraires\u00bb contre les enseignantes et les enseignants contractuels, appr\u00e9hend\u00e9s lors de \u00ab\u00a0leurs manifestations pacifiques\u00a0\u00bb pour \u00ab\u00a0l\u2019abandon d\u00e9finitif du syst\u00e8me des contrats\u00a0\u00bb et \u00ab\u00a0leur int\u00e9gration dans [&hellip;]<\/p>\n","protected":false},"author":1760,"featured_media":0,"comment_status":"closed","ping_status":"closed","sticky":false,"template":"","format":"standard","meta":{"fifu_image_url":"","fifu_image_alt":"","footnotes":""},"categories":[73,54],"tags":[],"class_list":["post-143232","post","type-post","status-publish","format-standard","hentry","category-actualite","category-maroc"],"_links":{"self":[{"href":"https:\/\/linitiative.ca\/International\/wp-json\/wp\/v2\/posts\/143232","targetHints":{"allow":["GET"]}}],"collection":[{"href":"https:\/\/linitiative.ca\/International\/wp-json\/wp\/v2\/posts"}],"about":[{"href":"https:\/\/linitiative.ca\/International\/wp-json\/wp\/v2\/types\/post"}],"author":[{"embeddable":true,"href":"https:\/\/linitiative.ca\/International\/wp-json\/wp\/v2\/users\/1760"}],"replies":[{"embeddable":true,"href":"https:\/\/linitiative.ca\/International\/wp-json\/wp\/v2\/comments?post=143232"}],"version-history":[{"count":0,"href":"https:\/\/linitiative.ca\/International\/wp-json\/wp\/v2\/posts\/143232\/revisions"}],"wp:attachment":[{"href":"https:\/\/linitiative.ca\/International\/wp-json\/wp\/v2\/media?parent=143232"}],"wp:term":[{"taxonomy":"category","embeddable":true,"href":"https:\/\/linitiative.ca\/International\/wp-json\/wp\/v2\/categories?post=143232"},{"taxonomy":"post_tag","embeddable":true,"href":"https:\/\/linitiative.ca\/International\/wp-json\/wp\/v2\/tags?post=143232"}],"curies":[{"name":"wp","href":"https:\/\/api.w.org\/{rel}","templated":true}]}}