{"id":143234,"date":"2022-03-15T14:00:00","date_gmt":"2022-03-15T18:00:00","guid":{"rendered":"https:\/\/linitiative.ca\/International\/des-griefs-a-ecarter\/"},"modified":"2022-03-15T14:00:00","modified_gmt":"2022-03-15T18:00:00","slug":"des-griefs-a-ecarter","status":"publish","type":"post","link":"https:\/\/linitiative.ca\/International\/des-griefs-a-ecarter\/","title":{"rendered":"Des griefs \u00e0 \u00e9carter !"},"content":{"rendered":"<div>\n<p class=\"has-black-color has-text-color\"><strong>Notre pays a du mal \u00e0 g\u00e9rer ses affaires publiques. Son embarcation administrative prend l\u2019eau de toutes parts, au risque de chavirer dans le large. Ses disparit\u00e9s sont criardes et suscitent le d\u00e9sarroi dans les camps des d\u00e9munis et des frustr\u00e9s. Ses d\u00e9ficits sociaux accablants projettent les indicateurs de la mis\u00e8re, de l\u2019illettrisme, de la maladie et du ch\u00f4mage au plus haut du barom\u00e8tre\u2026Selon des \u00e9tudes, le Maroc est compt\u00e9 par les nations les plus frapp\u00e9es par la corruption. Ce n\u2019est pas du tout \u00e9tonnant si l\u2019on sait que ce fl\u00e9au ronge le corps de la soci\u00e9t\u00e9 depuis des lustres. Certes, cette gangr\u00e8ne est commune et touche nombre de pays dans le monde mais, chez nous, elle est bien sp\u00e9cifique. Elle entrave le cours de la vie humaine et l\u2019essor de la nation toute enti\u00e8re. Le probl\u00e8me c\u2019est qu\u2019elle asphyxie les plus grosses bo\u00eetes de L\u2019Etat et cr\u00e9e des h\u00e9morragies dans ses budgets. Et ce n\u2019est gu\u00e8re les exemples d\u2019instances qui manquent \u00e0 ce propos et qui demeurent dans l\u2019impunit\u00e9 la plus totale, des ann\u00e9es durant, en d\u00e9pit de leur scandale. Les magouilles sont l\u00e9gion, en particulier, au niveau de certaines hautes sph\u00e8res au fort pouvoir d\u00e9cisionnel. Le mal d\u00e9passe toutes les limites que l\u2019on peut imaginer et tire vers le bas toute tentative de d\u2019expansion. Paradoxes\u00a0! Au c\u0153ur de cette \u00e9pid\u00e9mie qui ravage notre administration, de fond en comble, les r\u00e9formes vont bon train. Les m\u00e9gaprojets \u00e0 coups de milliards de dirhams sillonnent le sol marocain, \u00e0 grandes enjamb\u00e9es. Les investissements \u00e9trangers s\u2019installent en vrac dans plusieurs zones du pays, \u00e0 une cadence acc\u00e9l\u00e9r\u00e9e\u2026 Imaginons tout cet effort d\u00e9ploy\u00e9 pour promouvoir une nation dite \u00e9mergente, sans corruption ni dysfonctionnement ! C\u2019est dire que le chantier du nettoyage de l\u2019administration marocaine du virus de la d\u00e9pravation est la priorit\u00e9 des priorit\u00e9s. Le tout pour pouvoir faire profiter les revenus de ce d\u00e9veloppement aux marocaines et aux marocains, dans l\u2019\u00e9quit\u00e9 et la justice.<\/strong><\/p>\n<p>L\u2019article <a rel=\"nofollow\" href=\"http:\/\/albayane.press.ma\/des-griefs-a-ecarter.html\">Des griefs \u00e0 \u00e9carter !<\/a> est apparu en premier sur <a rel=\"nofollow\" href=\"http:\/\/albayane.press.ma\/\">ALBAYANE<\/a>.<\/p>\n<\/div>\n<p>Auteur: M&rsquo;hammed rahal<br \/>\n<a href=\"http:\/\/albayane.press.ma\/des-griefs-a-ecarter.html\">Cliquez ici pour lire l&rsquo;article depuis sa source.<\/a><\/p>\n","protected":false},"excerpt":{"rendered":"<p>Notre pays a du mal \u00e0 g\u00e9rer ses affaires publiques. Son embarcation administrative prend l\u2019eau de toutes parts, au risque de chavirer dans le large. Ses disparit\u00e9s sont criardes et suscitent le d\u00e9sarroi dans les camps des d\u00e9munis et des frustr\u00e9s. Ses d\u00e9ficits sociaux accablants projettent les indicateurs de la mis\u00e8re, de l\u2019illettrisme, de la [&hellip;]<\/p>\n","protected":false},"author":1760,"featured_media":0,"comment_status":"closed","ping_status":"closed","sticky":false,"template":"","format":"standard","meta":{"fifu_image_url":"","fifu_image_alt":"","footnotes":""},"categories":[73,54],"tags":[],"class_list":["post-143234","post","type-post","status-publish","format-standard","hentry","category-actualite","category-maroc"],"_links":{"self":[{"href":"https:\/\/linitiative.ca\/International\/wp-json\/wp\/v2\/posts\/143234","targetHints":{"allow":["GET"]}}],"collection":[{"href":"https:\/\/linitiative.ca\/International\/wp-json\/wp\/v2\/posts"}],"about":[{"href":"https:\/\/linitiative.ca\/International\/wp-json\/wp\/v2\/types\/post"}],"author":[{"embeddable":true,"href":"https:\/\/linitiative.ca\/International\/wp-json\/wp\/v2\/users\/1760"}],"replies":[{"embeddable":true,"href":"https:\/\/linitiative.ca\/International\/wp-json\/wp\/v2\/comments?post=143234"}],"version-history":[{"count":0,"href":"https:\/\/linitiative.ca\/International\/wp-json\/wp\/v2\/posts\/143234\/revisions"}],"wp:attachment":[{"href":"https:\/\/linitiative.ca\/International\/wp-json\/wp\/v2\/media?parent=143234"}],"wp:term":[{"taxonomy":"category","embeddable":true,"href":"https:\/\/linitiative.ca\/International\/wp-json\/wp\/v2\/categories?post=143234"},{"taxonomy":"post_tag","embeddable":true,"href":"https:\/\/linitiative.ca\/International\/wp-json\/wp\/v2\/tags?post=143234"}],"curies":[{"name":"wp","href":"https:\/\/api.w.org\/{rel}","templated":true}]}}