{"id":143235,"date":"2022-03-15T14:00:00","date_gmt":"2022-03-15T18:00:00","guid":{"rendered":"https:\/\/linitiative.ca\/International\/le-suv-qui-met-en-valeur-les-atouts-industriels-et-technologiques\/"},"modified":"2022-03-15T14:00:00","modified_gmt":"2022-03-15T18:00:00","slug":"le-suv-qui-met-en-valeur-les-atouts-industriels-et-technologiques","status":"publish","type":"post","link":"https:\/\/linitiative.ca\/International\/le-suv-qui-met-en-valeur-les-atouts-industriels-et-technologiques\/","title":{"rendered":"Le SUV qui  met en valeur les atouts industriels et technologiques"},"content":{"rendered":"<div>\n<p class=\"has-text-align-center has-text-color\" style=\"color:#0675e5\"><strong>Nouveau Renault Austral\u00a0<\/strong><\/p>\n<p class=\"has-black-color has-text-color\"><strong>Annonc\u00e9e il y a un peu plus d\u2019un an par Luca de Meo, la Renaulution a dessin\u00e9 les contours d\u2019une double promesse pour Renault : restaurer la comp\u00e9titivit\u00e9 de la marque et la faire entrer dans la modernit\u00e9, en devenant une marque de technologie, de services et d\u2019\u00e9nergie propre.<\/strong><\/p>\n<p class=\"has-black-color has-text-color\">Depuis, la r\u00e9volution est en marche ! Renault a op\u00e9r\u00e9 une transformation ambitieuse et g\u00e9n\u00e9ratrice de valeur qui passe par l\u2019\u00e9lectrification de sa gamme, avec en premier lieu de nouveaux mod\u00e8les charg\u00e9s de reconqu\u00e9rir le segment C, le plus pris\u00e9 en Europe. Le premier d\u2019entre eux arrive d\u2019ailleurs tr\u00e8s bient\u00f4t en concession puisqu\u2019il s\u2019agit de Nouvelle M\u00e9gane E-TECH Electric. Aujourd\u2019hui, un second chapitre de la Renaulution s\u2019ouvre avec Nouvel Austral.<\/p>\n<p class=\"has-black-color has-text-color\">A travers son design, ses motorisations et \u00e9quipements, Nouvel Austral met en valeur les atouts industriels et technologiques de Renault. Au-del\u00e0 de son expertise en mati\u00e8re de v\u00e9hicules \u00e9lectriques et \u00e9lectrifi\u00e9s et sa vision d\u2019une mobilit\u00e9 durable, Renault con\u00e7oit des v\u00e9hicules adapt\u00e9s en taille, poids, puissance et autonomie \u00e0 tous les usages. Nouvel Austral est un SUV qui r\u00e9pond \u00e0 la demande toujours croissante des clients souhaitant voyager sans contraintes, loin, longtemps, tout en respectant mieux l\u2019environnement.<\/p>\n<p class=\"has-black-color has-text-color\"><strong>Athl\u00e9tique \u00e0 l\u2019ext\u00e9rieur<\/strong><\/p>\n<p class=\"has-black-color has-text-color\">Capot sculpt\u00e9, face avant affirm\u00e9e, lignes tendues : la silhouette de Nouvel Austral est clairement athl\u00e9tique, voire m\u00eame sportive dans sa version in\u00e9dite Esprit Alpine. Ses formes g\u00e9n\u00e9reuses et ses proportions id\u00e9ales, attirent l\u2019\u0153il et donnent imm\u00e9diatement une impression d\u2019habitabilit\u00e9. Nouvel Austral incarne pleinement le nouveau langage design \u00ab sensual tech \u00bb de Renault et se permet m\u00eame quelques \u00e9l\u00e9gances, \u00e0 l\u2019image des motifs en losange int\u00e9gr\u00e9s dans ses optiques avant.<\/p>\n<p class=\"has-black-color has-text-color\">Ne vous fiez pas \u00e0 son corps d\u2019athl\u00e8te : Nouvel Austral cache bien son jeu. Il a les muscles, certes, mais aussi la t\u00eate ! Son habitacle aussi g\u00e9n\u00e9reux qu\u2019une familiale est doubl\u00e9 d\u2019un cockpit high tech con\u00e7u autour d\u2019un \u00e9cran OpenR XXL. Ce dernier combine tableau de bord et console multim\u00e9dia. Il donne \u00e9galement acc\u00e8s aux meilleurs services et applications Google via son syst\u00e8me OpenR Link. L\u2019exp\u00e9rience au volant est plus intuitive que jamais !<\/p>\n<p class=\"has-black-color has-text-color\"><strong>L\u2019hybride \u00e0 bride abattue<\/strong><\/p>\n<p class=\"has-black-color has-text-color\">Nouveau Renault Austral est le premier mod\u00e8le de la gamme Renault \u00e0 b\u00e9n\u00e9ficier des atouts de la nouvelle plateforme CMF-CD de l\u2019Alliance. D\u00e9clin\u00e9e pour porter diff\u00e9rents types de motorisations, elle permet \u00e0 Nouvel Austral d\u2019accueillir des groupes motopropulseurs tous \u00e9lectrifi\u00e9s, tous aussi innovants que performants, pour tous les usages. Au choix : un nouveau moteur E-TECH Hybrid allant jusqu\u2019\u00e0 200 chevaux, un nouveau moteur Mild Hybrid Advanced 48V de 130 ch et un moteur Mild Hybrid 12V de 140 et 160 ch. Ces motorisations sont accompagn\u00e9es de technologies d\u2019\u00e9lectrification et d\u2019\u00e9co-fonctions destin\u00e9es \u00e0 maximiser leur rendement \u00e9nerg\u00e9tique. Ou quand le plaisir de conduite se conjugue avec une minimisation de la consommation et des \u00e9missions de CO2.<\/p>\n<p class=\"has-black-color has-text-color\"><strong>Des sensations \u00e0 la carte<\/strong><\/p>\n<p class=\"has-black-color has-text-color\">Dynamique sur route, Nouvel Austral est aussi agile qu\u2019une citadine en ville. Gr\u00e2ce \u00e0 la technologie 4CONTROL Advanced, il dispose en effet d\u2019un diam\u00e8tre de braquage r\u00e9duit \u00e0 seulement 10,1 m\u00e8tres. Une offre unique sur le segment ! Associ\u00e9 aux r\u00e9glages MULTI-SENSE, qui propose 4 modes de conduites, le 4CONTROL Advanced permet de personnaliser les r\u00e9glages sur treize niveaux contre trois auparavant.<\/p>\n<p class=\"has-black-color has-text-color\"><strong>L\u2019as des ADAS<\/strong><\/p>\n<p class=\"has-black-color has-text-color\">Confort de conduite, parking, s\u00e9curit\u00e9 : Nouvel Austral pense \u00e0 tout et aide le conducteur \u00e0 garder le contr\u00f4le en toutes circonstances. Il int\u00e8gre pas moins de 32 aides \u00e0 la conduite (ADAS) dont un affichage t\u00eate haute nouvelle g\u00e9n\u00e9ration, la conduite autonome de niveau 2 avec l\u2019Active Driver Assist, une cam\u00e9ra 3D pour la vision 360\u00b0, le stationnement enti\u00e8rement automatique ou encore la pr\u00e9vention de sortie de voie en cas de d\u00e9passement.<\/p>\n<p class=\"has-black-color has-text-color\">Nouvel Austral assure \u00e9galement une protection optimale de ses occupants et des autres usagers de la route gr\u00e2ce \u00e0 des \u00e9quipements de s\u00e9curit\u00e9 passive am\u00e9lior\u00e9s. Un nouvel airbag entre les passagers avant, destin\u00e9 \u00e0 les prot\u00e9ger d\u2019une collision t\u00eate contre t\u00eate lors d\u2019un choc lat\u00e9ral, fait par exemple son apparition. En version E-TECH Hybrid, Nouvel Austral est \u00e9galement pourvu d\u2019un acc\u00e8s sp\u00e9cial \u00e0 la batterie et d\u2019un QR code destin\u00e9s aux \u00e9quipes de secours pour leur permettre de venir en aide aux occupants de fa\u00e7on rapide et efficace.<\/p>\n<p>L\u2019article <a rel=\"nofollow\" href=\"http:\/\/albayane.press.ma\/le-suv-qui-met-en-valeur-les-atouts-industriels-et-technologiques.html\">Le SUV qui  met en valeur les atouts industriels et technologiques<\/a> est apparu en premier sur <a rel=\"nofollow\" href=\"http:\/\/albayane.press.ma\/\">ALBAYANE<\/a>.<\/p>\n<\/div>\n<p>Auteur: M&rsquo;hammed rahal<br \/>\n<a href=\"http:\/\/albayane.press.ma\/le-suv-qui-met-en-valeur-les-atouts-industriels-et-technologiques.html\">Cliquez ici pour lire l&rsquo;article depuis sa source.<\/a><\/p>\n","protected":false},"excerpt":{"rendered":"<p>Nouveau Renault Austral\u00a0 Annonc\u00e9e il y a un peu plus d\u2019un an par Luca de Meo, la Renaulution a dessin\u00e9 les contours d\u2019une double promesse pour Renault : restaurer la comp\u00e9titivit\u00e9 de la marque et la faire entrer dans la modernit\u00e9, en devenant une marque de technologie, de services et d\u2019\u00e9nergie propre. Depuis, la r\u00e9volution [&hellip;]<\/p>\n","protected":false},"author":1760,"featured_media":0,"comment_status":"closed","ping_status":"closed","sticky":false,"template":"","format":"standard","meta":{"fifu_image_url":"","fifu_image_alt":"","footnotes":""},"categories":[73,54],"tags":[],"class_list":["post-143235","post","type-post","status-publish","format-standard","hentry","category-actualite","category-maroc"],"_links":{"self":[{"href":"https:\/\/linitiative.ca\/International\/wp-json\/wp\/v2\/posts\/143235","targetHints":{"allow":["GET"]}}],"collection":[{"href":"https:\/\/linitiative.ca\/International\/wp-json\/wp\/v2\/posts"}],"about":[{"href":"https:\/\/linitiative.ca\/International\/wp-json\/wp\/v2\/types\/post"}],"author":[{"embeddable":true,"href":"https:\/\/linitiative.ca\/International\/wp-json\/wp\/v2\/users\/1760"}],"replies":[{"embeddable":true,"href":"https:\/\/linitiative.ca\/International\/wp-json\/wp\/v2\/comments?post=143235"}],"version-history":[{"count":0,"href":"https:\/\/linitiative.ca\/International\/wp-json\/wp\/v2\/posts\/143235\/revisions"}],"wp:attachment":[{"href":"https:\/\/linitiative.ca\/International\/wp-json\/wp\/v2\/media?parent=143235"}],"wp:term":[{"taxonomy":"category","embeddable":true,"href":"https:\/\/linitiative.ca\/International\/wp-json\/wp\/v2\/categories?post=143235"},{"taxonomy":"post_tag","embeddable":true,"href":"https:\/\/linitiative.ca\/International\/wp-json\/wp\/v2\/tags?post=143235"}],"curies":[{"name":"wp","href":"https:\/\/api.w.org\/{rel}","templated":true}]}}