{"id":143236,"date":"2022-03-15T14:00:00","date_gmt":"2022-03-15T18:00:00","guid":{"rendered":"https:\/\/linitiative.ca\/International\/ukraine-3-millions-de-refugies-recenses-par-oim\/"},"modified":"2022-03-15T14:00:00","modified_gmt":"2022-03-15T18:00:00","slug":"ukraine-3-millions-de-refugies-recenses-par-oim","status":"publish","type":"post","link":"https:\/\/linitiative.ca\/International\/ukraine-3-millions-de-refugies-recenses-par-oim\/","title":{"rendered":"Ukraine: 3 millions de r\u00e9fugi\u00e9s recens\u00e9s par OIM"},"content":{"rendered":"<div>\n<p class=\"has-text-align-center has-vivid-red-color has-text-color\"><strong>Au 20<sup>e<\/sup> jour de la guerre<\/strong><\/p>\n<p class=\"has-text-align-left has-black-color has-text-color\"><strong>Le nombre de personnes ayant fui l\u2019Ukraine depuis le d\u00e9but de l\u2019invasion du pays par l\u2019arm\u00e9e russe a atteint les 3 millions, a indiqu\u00e9 mardi un porte-parole de l\u2019Organisation internationale pour les migrations (OIM) \u00e0 Gen\u00e8ve. \u00ab\u00a0Nous avons maintenant atteint la barre des 3 millions en termes de mouvements de population hors de l\u2019Ukraine\u00a0\u00bb, a soulign\u00e9 Paul Dillon, porte-parole de l\u2019OIM lors d\u2019un point de presse r\u00e9gulier de l\u2019ONU.<\/strong><\/p>\n<p class=\"has-text-align-left has-black-color has-text-color\">Sur ce nombre total de r\u00e9fugi\u00e9s, plus de 1,4 million sont des enfants selon les chiffres de l\u2019Unicef, et 157.000 sont des ressortissants d\u2019autres pays fuyant l\u2019Ukraine, a pr\u00e9cis\u00e9 l\u2019OIM.<br \/>La Pologne est le pays qui accueille de loin le plus grand nombre de personnes -plus de la moiti\u00e9- fuyant la guerre d\u00e9clench\u00e9e par le pr\u00e9sident russe Vladimir Poutine.<br \/>Environ 1,79 million de personnes ont ainsi trouv\u00e9 refuge en Pologne depuis le 24 f\u00e9vrier, selon le tableau de bord de l\u2019OIM, et des chiffres donn\u00e9s par les autorit\u00e9s.<br \/>La Roumanie, la Hongrie et la Moldavie sont aussi des destinations pris\u00e9es par les r\u00e9fugi\u00e9s, dont un grand nombre continue ensuite son p\u00e9riple ailleurs en Europe, pour y retrouver de la famille ou des amis.<\/p>\n<p class=\"has-text-align-left has-black-color has-text-color\">Quant aux pourparlers de paix entre les deux parties, les d\u00e9l\u00e9gations russe et ukrainienne devaient reprendre langues mardi, alors que les frappes russes se multiplient \u00e0 Kiev m\u00eame et que l\u2019arm\u00e9e russe \u00e9largit son offensive \u00e0 tout le pays, au 20<sup>e<\/sup> jour de son invasion de l\u2019Ukraine.<br \/>Kiev, que les forces russes tentent d\u2019encercler, s\u2019est vid\u00e9e d\u2019au moins la moiti\u00e9 de ses quelque trois millions habitants depuis le d\u00e9but du conflit le 24 f\u00e9vrier.<br \/>Mais elle devait accueillir mardi les Premiers ministres polonais, tch\u00e8que et slov\u00e8ne, partis en train pour rencontrer le pr\u00e9sident ukrainien Volodymyr Zelensky et le Premier ministre Denys Chmygal, selon un communiqu\u00e9 de la pr\u00e9sidence polonaise.<\/p>\n<p class=\"has-text-align-left has-black-color has-text-color\">L\u2019objectif de cette visite est de \u00ab\u00a0r\u00e9affirmer le soutien sans \u00e9quivoque de l\u2019ensemble de UE \u00e0 la souverainet\u00e9 de l\u2019Ukraine, et de pr\u00e9senter un vaste ensemble de mesures de soutien \u00e0 l\u2019Ukraine\u00a0\u00bb.<br \/>Le Kremlin a indiqu\u00e9 ne faire \u00ab\u00a0aucun pronostic\u00a0\u00bb quant \u00e0 leur issue.<br \/>Les discussions se d\u00e9roulent par visioconf\u00e9rence apr\u00e8s trois rounds en pr\u00e9sentiel au B\u00e9larus voisin puis une rencontre jeudi en Turquie des chefs des diplomaties russe et ukrainienne.<\/p>\n<p>L\u2019article <a rel=\"nofollow\" href=\"http:\/\/albayane.press.ma\/ukraine-3-millions-de-refugies-recenses-par-oim.html\">Ukraine: 3 millions de r\u00e9fugi\u00e9s recens\u00e9s par OIM<\/a> est apparu en premier sur <a rel=\"nofollow\" href=\"http:\/\/albayane.press.ma\/\">ALBAYANE<\/a>.<\/p>\n<\/div>\n<p>Auteur: M&rsquo;hammed rahal<br \/>\n<a href=\"http:\/\/albayane.press.ma\/ukraine-3-millions-de-refugies-recenses-par-oim.html\">Cliquez ici pour lire l&rsquo;article depuis sa source.<\/a><\/p>\n","protected":false},"excerpt":{"rendered":"<p>Au 20e jour de la guerre Le nombre de personnes ayant fui l\u2019Ukraine depuis le d\u00e9but de l\u2019invasion du pays par l\u2019arm\u00e9e russe a atteint les 3 millions, a indiqu\u00e9 mardi un porte-parole de l\u2019Organisation internationale pour les migrations (OIM) \u00e0 Gen\u00e8ve. \u00ab\u00a0Nous avons maintenant atteint la barre des 3 millions en termes de mouvements [&hellip;]<\/p>\n","protected":false},"author":1760,"featured_media":0,"comment_status":"closed","ping_status":"closed","sticky":false,"template":"","format":"standard","meta":{"fifu_image_url":"","fifu_image_alt":"","footnotes":""},"categories":[73,54],"tags":[],"class_list":["post-143236","post","type-post","status-publish","format-standard","hentry","category-actualite","category-maroc"],"_links":{"self":[{"href":"https:\/\/linitiative.ca\/International\/wp-json\/wp\/v2\/posts\/143236","targetHints":{"allow":["GET"]}}],"collection":[{"href":"https:\/\/linitiative.ca\/International\/wp-json\/wp\/v2\/posts"}],"about":[{"href":"https:\/\/linitiative.ca\/International\/wp-json\/wp\/v2\/types\/post"}],"author":[{"embeddable":true,"href":"https:\/\/linitiative.ca\/International\/wp-json\/wp\/v2\/users\/1760"}],"replies":[{"embeddable":true,"href":"https:\/\/linitiative.ca\/International\/wp-json\/wp\/v2\/comments?post=143236"}],"version-history":[{"count":0,"href":"https:\/\/linitiative.ca\/International\/wp-json\/wp\/v2\/posts\/143236\/revisions"}],"wp:attachment":[{"href":"https:\/\/linitiative.ca\/International\/wp-json\/wp\/v2\/media?parent=143236"}],"wp:term":[{"taxonomy":"category","embeddable":true,"href":"https:\/\/linitiative.ca\/International\/wp-json\/wp\/v2\/categories?post=143236"},{"taxonomy":"post_tag","embeddable":true,"href":"https:\/\/linitiative.ca\/International\/wp-json\/wp\/v2\/tags?post=143236"}],"curies":[{"name":"wp","href":"https:\/\/api.w.org\/{rel}","templated":true}]}}