{"id":143237,"date":"2022-03-16T09:00:00","date_gmt":"2022-03-16T13:00:00","guid":{"rendered":"https:\/\/linitiative.ca\/International\/setif-deux-morts-dans-un-accident-de-la-route\/"},"modified":"2022-03-16T09:00:00","modified_gmt":"2022-03-16T13:00:00","slug":"setif-deux-morts-dans-un-accident-de-la-route","status":"publish","type":"post","link":"https:\/\/linitiative.ca\/International\/setif-deux-morts-dans-un-accident-de-la-route\/","title":{"rendered":"S\u00e9tif: deux morts dans un accident de la route"},"content":{"rendered":"<div>Deux personnes sont mortes, mercredi, dans un accident de la route survenu sur la route nationale (RN) 75, plus exactement \u00e0 l&rsquo;entr\u00e9e Ouest de la commune de Hammam Soukhna (Sud-est de S\u00e9tif)<\/div>\n<p>Auteur:<br \/>\n<a href=\"https:\/\/www.liberte-algerie.com\/actualite\/setif-deux-morts-dans-un-accident-de-la-route-374980\">Cliquez ici pour lire l&rsquo;article depuis sa source.<\/a><\/p>\n","protected":false},"excerpt":{"rendered":"<p>Deux personnes sont mortes, mercredi, dans un accident de la route survenu sur la route nationale (RN) 75, plus exactement \u00e0 l&rsquo;entr\u00e9e Ouest de la commune de Hammam Soukhna (Sud-est de S\u00e9tif) Auteur: Cliquez ici pour lire l&rsquo;article depuis sa source.<\/p>\n","protected":false},"author":1742,"featured_media":0,"comment_status":"closed","ping_status":"closed","sticky":false,"template":"","format":"standard","meta":{"fifu_image_url":"","fifu_image_alt":"","footnotes":""},"categories":[73,53],"tags":[],"class_list":["post-143237","post","type-post","status-publish","format-standard","hentry","category-actualite","category-algerie"],"_links":{"self":[{"href":"https:\/\/linitiative.ca\/International\/wp-json\/wp\/v2\/posts\/143237","targetHints":{"allow":["GET"]}}],"collection":[{"href":"https:\/\/linitiative.ca\/International\/wp-json\/wp\/v2\/posts"}],"about":[{"href":"https:\/\/linitiative.ca\/International\/wp-json\/wp\/v2\/types\/post"}],"author":[{"embeddable":true,"href":"https:\/\/linitiative.ca\/International\/wp-json\/wp\/v2\/users\/1742"}],"replies":[{"embeddable":true,"href":"https:\/\/linitiative.ca\/International\/wp-json\/wp\/v2\/comments?post=143237"}],"version-history":[{"count":0,"href":"https:\/\/linitiative.ca\/International\/wp-json\/wp\/v2\/posts\/143237\/revisions"}],"wp:attachment":[{"href":"https:\/\/linitiative.ca\/International\/wp-json\/wp\/v2\/media?parent=143237"}],"wp:term":[{"taxonomy":"category","embeddable":true,"href":"https:\/\/linitiative.ca\/International\/wp-json\/wp\/v2\/categories?post=143237"},{"taxonomy":"post_tag","embeddable":true,"href":"https:\/\/linitiative.ca\/International\/wp-json\/wp\/v2\/tags?post=143237"}],"curies":[{"name":"wp","href":"https:\/\/api.w.org\/{rel}","templated":true}]}}