{"id":143238,"date":"2022-03-16T09:30:00","date_gmt":"2022-03-16T13:30:00","guid":{"rendered":"https:\/\/linitiative.ca\/International\/kamel-bouchama-et-aboudjerra-soltani-nommes-membres-du-tiers-presidentiel\/"},"modified":"2022-03-16T09:30:00","modified_gmt":"2022-03-16T13:30:00","slug":"kamel-bouchama-et-aboudjerra-soltani-nommes-membres-du-tiers-presidentiel","status":"publish","type":"post","link":"https:\/\/linitiative.ca\/International\/kamel-bouchama-et-aboudjerra-soltani-nommes-membres-du-tiers-presidentiel\/","title":{"rendered":"Kamel Bouchama et  Aboudjerra Soltani nomm\u00e9s membres du tiers pr\u00e9sidentiel"},"content":{"rendered":"<div>Kamel Bouchama et Aboudjerra Soltani ont \u00e9t\u00e9 d\u00e9sign\u00e9s par le Pr\u00e9sident de la R\u00e9publique, Abdelmadjid Tebboune en tant que membres du Conseil de la nation au titre du tiers pr\u00e9sidentiel<\/div>\n<p>Auteur:<br \/>\n<a href=\"https:\/\/www.liberte-algerie.com\/actualite\/kamel-bouchama-et-aboudjerra-soltani-nommes-membres-du-tiers-presidentiel-374981\">Cliquez ici pour lire l&rsquo;article depuis sa source.<\/a><\/p>\n","protected":false},"excerpt":{"rendered":"<p>Kamel Bouchama et Aboudjerra Soltani ont \u00e9t\u00e9 d\u00e9sign\u00e9s par le Pr\u00e9sident de la R\u00e9publique, Abdelmadjid Tebboune en tant que membres du Conseil de la nation au titre du tiers pr\u00e9sidentiel Auteur: Cliquez ici pour lire l&rsquo;article depuis sa source.<\/p>\n","protected":false},"author":1742,"featured_media":0,"comment_status":"closed","ping_status":"closed","sticky":false,"template":"","format":"standard","meta":{"fifu_image_url":"","fifu_image_alt":"","footnotes":""},"categories":[73,53],"tags":[],"class_list":["post-143238","post","type-post","status-publish","format-standard","hentry","category-actualite","category-algerie"],"_links":{"self":[{"href":"https:\/\/linitiative.ca\/International\/wp-json\/wp\/v2\/posts\/143238","targetHints":{"allow":["GET"]}}],"collection":[{"href":"https:\/\/linitiative.ca\/International\/wp-json\/wp\/v2\/posts"}],"about":[{"href":"https:\/\/linitiative.ca\/International\/wp-json\/wp\/v2\/types\/post"}],"author":[{"embeddable":true,"href":"https:\/\/linitiative.ca\/International\/wp-json\/wp\/v2\/users\/1742"}],"replies":[{"embeddable":true,"href":"https:\/\/linitiative.ca\/International\/wp-json\/wp\/v2\/comments?post=143238"}],"version-history":[{"count":0,"href":"https:\/\/linitiative.ca\/International\/wp-json\/wp\/v2\/posts\/143238\/revisions"}],"wp:attachment":[{"href":"https:\/\/linitiative.ca\/International\/wp-json\/wp\/v2\/media?parent=143238"}],"wp:term":[{"taxonomy":"category","embeddable":true,"href":"https:\/\/linitiative.ca\/International\/wp-json\/wp\/v2\/categories?post=143238"},{"taxonomy":"post_tag","embeddable":true,"href":"https:\/\/linitiative.ca\/International\/wp-json\/wp\/v2\/tags?post=143238"}],"curies":[{"name":"wp","href":"https:\/\/api.w.org\/{rel}","templated":true}]}}