{"id":143239,"date":"2022-03-16T09:47:00","date_gmt":"2022-03-16T13:47:00","guid":{"rendered":"https:\/\/linitiative.ca\/International\/des-pluies-orageuses-sur-le-centre-et-louest-du-pays-a-partir-de-ce-mercredi\/"},"modified":"2022-03-16T09:47:00","modified_gmt":"2022-03-16T13:47:00","slug":"des-pluies-orageuses-sur-le-centre-et-louest-du-pays-a-partir-de-ce-mercredi","status":"publish","type":"post","link":"https:\/\/linitiative.ca\/International\/des-pluies-orageuses-sur-le-centre-et-louest-du-pays-a-partir-de-ce-mercredi\/","title":{"rendered":"Des pluies orageuses sur le centre et l&rsquo;ouest du pays \u00e0 partir de ce mercredi"},"content":{"rendered":"<div>Des pluies, parfois sous forme d&rsquo;averses orageuses accompagn\u00e9es localement de chute de gr\u00eale, affecteront, \u00e0 partir de ce mercredi, plusieurs wilayas du centre et de l&rsquo;ouest du pays (&#8230;)<\/div>\n<p>Auteur:<br \/>\n<a href=\"https:\/\/www.liberte-algerie.com\/actualite\/des-pluies-orageuses-sur-le-centre-et-louest-du-pays-a-partir-de-ce-mercredi-374982\">Cliquez ici pour lire l&rsquo;article depuis sa source.<\/a><\/p>\n","protected":false},"excerpt":{"rendered":"<p>Des pluies, parfois sous forme d&rsquo;averses orageuses accompagn\u00e9es localement de chute de gr\u00eale, affecteront, \u00e0 partir de ce mercredi, plusieurs wilayas du centre et de l&rsquo;ouest du pays (&#8230;) Auteur: Cliquez ici pour lire l&rsquo;article depuis sa source.<\/p>\n","protected":false},"author":1742,"featured_media":0,"comment_status":"closed","ping_status":"closed","sticky":false,"template":"","format":"standard","meta":{"fifu_image_url":"","fifu_image_alt":"","footnotes":""},"categories":[73,53],"tags":[],"class_list":["post-143239","post","type-post","status-publish","format-standard","hentry","category-actualite","category-algerie"],"_links":{"self":[{"href":"https:\/\/linitiative.ca\/International\/wp-json\/wp\/v2\/posts\/143239","targetHints":{"allow":["GET"]}}],"collection":[{"href":"https:\/\/linitiative.ca\/International\/wp-json\/wp\/v2\/posts"}],"about":[{"href":"https:\/\/linitiative.ca\/International\/wp-json\/wp\/v2\/types\/post"}],"author":[{"embeddable":true,"href":"https:\/\/linitiative.ca\/International\/wp-json\/wp\/v2\/users\/1742"}],"replies":[{"embeddable":true,"href":"https:\/\/linitiative.ca\/International\/wp-json\/wp\/v2\/comments?post=143239"}],"version-history":[{"count":0,"href":"https:\/\/linitiative.ca\/International\/wp-json\/wp\/v2\/posts\/143239\/revisions"}],"wp:attachment":[{"href":"https:\/\/linitiative.ca\/International\/wp-json\/wp\/v2\/media?parent=143239"}],"wp:term":[{"taxonomy":"category","embeddable":true,"href":"https:\/\/linitiative.ca\/International\/wp-json\/wp\/v2\/categories?post=143239"},{"taxonomy":"post_tag","embeddable":true,"href":"https:\/\/linitiative.ca\/International\/wp-json\/wp\/v2\/tags?post=143239"}],"curies":[{"name":"wp","href":"https:\/\/api.w.org\/{rel}","templated":true}]}}