{"id":143240,"date":"2022-03-16T11:19:00","date_gmt":"2022-03-16T15:19:00","guid":{"rendered":"https:\/\/linitiative.ca\/International\/zaki-hannache-maintenu-en-detention\/"},"modified":"2022-03-16T11:19:00","modified_gmt":"2022-03-16T15:19:00","slug":"zaki-hannache-maintenu-en-detention","status":"publish","type":"post","link":"https:\/\/linitiative.ca\/International\/zaki-hannache-maintenu-en-detention\/","title":{"rendered":"Zaki Hannache maintenu en d\u00e9tention"},"content":{"rendered":"<div>La chambre d\u2019accusation de la cour d\u2019Alger a confirm\u00e9, ce 16 mars 2022, la d\u00e9cision de mise sous mandat de d\u00e9p\u00f4t prononc\u00e9e contre l&rsquo;activiste Zaki Hannache par le juge d\u2019instruction du tribunal Sidi M\u2019hamed d\u2019Alger le 24 f\u00e9vrier dernier (&#8230;)<\/div>\n<p>Auteur:<br \/>\n<a href=\"https:\/\/www.liberte-algerie.com\/actualite\/zaki-hannache-maintenu-en-detention-374984\">Cliquez ici pour lire l&rsquo;article depuis sa source.<\/a><\/p>\n","protected":false},"excerpt":{"rendered":"<p>La chambre d\u2019accusation de la cour d\u2019Alger a confirm\u00e9, ce 16 mars 2022, la d\u00e9cision de mise sous mandat de d\u00e9p\u00f4t prononc\u00e9e contre l&rsquo;activiste Zaki Hannache par le juge d\u2019instruction du tribunal Sidi M\u2019hamed d\u2019Alger le 24 f\u00e9vrier dernier (&#8230;) Auteur: Cliquez ici pour lire l&rsquo;article depuis sa source.<\/p>\n","protected":false},"author":1742,"featured_media":0,"comment_status":"closed","ping_status":"closed","sticky":false,"template":"","format":"standard","meta":{"fifu_image_url":"","fifu_image_alt":"","footnotes":""},"categories":[73,53],"tags":[],"class_list":["post-143240","post","type-post","status-publish","format-standard","hentry","category-actualite","category-algerie"],"_links":{"self":[{"href":"https:\/\/linitiative.ca\/International\/wp-json\/wp\/v2\/posts\/143240","targetHints":{"allow":["GET"]}}],"collection":[{"href":"https:\/\/linitiative.ca\/International\/wp-json\/wp\/v2\/posts"}],"about":[{"href":"https:\/\/linitiative.ca\/International\/wp-json\/wp\/v2\/types\/post"}],"author":[{"embeddable":true,"href":"https:\/\/linitiative.ca\/International\/wp-json\/wp\/v2\/users\/1742"}],"replies":[{"embeddable":true,"href":"https:\/\/linitiative.ca\/International\/wp-json\/wp\/v2\/comments?post=143240"}],"version-history":[{"count":0,"href":"https:\/\/linitiative.ca\/International\/wp-json\/wp\/v2\/posts\/143240\/revisions"}],"wp:attachment":[{"href":"https:\/\/linitiative.ca\/International\/wp-json\/wp\/v2\/media?parent=143240"}],"wp:term":[{"taxonomy":"category","embeddable":true,"href":"https:\/\/linitiative.ca\/International\/wp-json\/wp\/v2\/categories?post=143240"},{"taxonomy":"post_tag","embeddable":true,"href":"https:\/\/linitiative.ca\/International\/wp-json\/wp\/v2\/tags?post=143240"}],"curies":[{"name":"wp","href":"https:\/\/api.w.org\/{rel}","templated":true}]}}