{"id":143241,"date":"2022-03-16T12:14:26","date_gmt":"2022-03-16T16:14:26","guid":{"rendered":"https:\/\/linitiative.ca\/International\/fortes-pluies-attendues-jeudi-et-vendredi-dans-plusieurs-provinces\/"},"modified":"2022-03-16T12:14:26","modified_gmt":"2022-03-16T16:14:26","slug":"fortes-pluies-attendues-jeudi-et-vendredi-dans-plusieurs-provinces","status":"publish","type":"post","link":"https:\/\/linitiative.ca\/International\/fortes-pluies-attendues-jeudi-et-vendredi-dans-plusieurs-provinces\/","title":{"rendered":"Fortes pluies attendues jeudi et vendredi dans plusieurs provinces"},"content":{"rendered":"<div>\n<div style=\"margin-bottom:20px;\"><img loading=\"lazy\" decoding=\"async\" width=\"750\" height=\"430\" src=\"https:\/\/linitiative.ca\/International\/wp-content\/uploads\/sites\/23\/2022\/03\/Des-averses-orageuses-M750C397430-MAP-Archive.jpg\" class=\"attachment-post-thumbnail size-post-thumbnail wp-post-image\" alt=\"\" srcset=\"https:\/\/linitiative.ca\/International\/wp-content\/uploads\/sites\/23\/2022\/03\/Des-averses-orageuses-M750C397430-MAP-Archive.jpg 750w, https:\/\/www.mapoujda.ma\/map\/uploads\/2019\/11\/Des-averses-orageuses-M750\u00d7430-MAP-Archive-300x172.jpg 300w\" sizes=\"auto, (max-width: 750px) 100vw, 750px\"><\/div>\n<div>\n<p style=\"text-align: justify;\">De fortes pluies (30 \u00e0 70 mm) sont attendues jeudi et vendredi dans plusieurs provinces du Royaume, a annonc\u00e9 mercredi la Direction g\u00e9n\u00e9rale de la m\u00e9t\u00e9orologie.<\/p>\n<p style=\"text-align: justify;\">Ainsi, des pluies sont pr\u00e9vues de jeudi \u00e0 06h00 au vendredi \u00e0 23h00 dans les provinces de Berkane, Oujda-Angad, Jerada, Taourirt et Nador, a pr\u00e9cis\u00e9 la Direction dans un bulletin d\u2019alerte m\u00e9t\u00e9orologique de niveau orange.<\/p>\n<\/div>\n<p>L\u2019article <a rel=\"nofollow\" href=\"https:\/\/www.mapoujda.ma\/fr\/fortes-pluies-attendues-jeudi-et-vendredi-dans-plusieurs-provinces\/\">Fortes pluies attendues jeudi et vendredi dans plusieurs provinces<\/a> est apparu en premier sur <a rel=\"nofollow\" href=\"https:\/\/www.mapoujda.ma\/fr\">MapOujda<\/a>.<\/p>\n<\/div>\n<p>Auteur: Soufiane ELAHMAR<br \/>\n<a href=\"https:\/\/www.mapoujda.ma\/fr\/fortes-pluies-attendues-jeudi-et-vendredi-dans-plusieurs-provinces\/\">Cliquez ici pour lire l&rsquo;article depuis sa source.<\/a><\/p>\n","protected":false},"excerpt":{"rendered":"<p>De fortes pluies (30 \u00e0 70 mm) sont attendues jeudi et vendredi dans plusieurs provinces du Royaume, a annonc\u00e9 mercredi la Direction g\u00e9n\u00e9rale de la m\u00e9t\u00e9orologie. Ainsi, des pluies sont pr\u00e9vues de jeudi \u00e0 06h00 au vendredi \u00e0 23h00 dans les provinces de Berkane, Oujda-Angad, Jerada, Taourirt et Nador, a pr\u00e9cis\u00e9 la Direction dans un [&hellip;]<\/p>\n","protected":false},"author":1788,"featured_media":0,"comment_status":"closed","ping_status":"closed","sticky":false,"template":"","format":"standard","meta":{"fifu_image_url":"https:\/\/www.mapoujda.ma\/map\/uploads\/2019\/11\/Des-averses-orageuses-M750\u00d7430-MAP-Archive.jpg","fifu_image_alt":"Fortes pluies attendues jeudi et vendredi dans plusieurs provinces","footnotes":""},"categories":[54,76],"tags":[],"class_list":["post-143241","post","type-post","status-publish","format-standard","hentry","category-maroc","category-regions"],"_links":{"self":[{"href":"https:\/\/linitiative.ca\/International\/wp-json\/wp\/v2\/posts\/143241","targetHints":{"allow":["GET"]}}],"collection":[{"href":"https:\/\/linitiative.ca\/International\/wp-json\/wp\/v2\/posts"}],"about":[{"href":"https:\/\/linitiative.ca\/International\/wp-json\/wp\/v2\/types\/post"}],"author":[{"embeddable":true,"href":"https:\/\/linitiative.ca\/International\/wp-json\/wp\/v2\/users\/1788"}],"replies":[{"embeddable":true,"href":"https:\/\/linitiative.ca\/International\/wp-json\/wp\/v2\/comments?post=143241"}],"version-history":[{"count":0,"href":"https:\/\/linitiative.ca\/International\/wp-json\/wp\/v2\/posts\/143241\/revisions"}],"wp:attachment":[{"href":"https:\/\/linitiative.ca\/International\/wp-json\/wp\/v2\/media?parent=143241"}],"wp:term":[{"taxonomy":"category","embeddable":true,"href":"https:\/\/linitiative.ca\/International\/wp-json\/wp\/v2\/categories?post=143241"},{"taxonomy":"post_tag","embeddable":true,"href":"https:\/\/linitiative.ca\/International\/wp-json\/wp\/v2\/tags?post=143241"}],"curies":[{"name":"wp","href":"https:\/\/api.w.org\/{rel}","templated":true}]}}