{"id":143243,"date":"2022-03-16T10:13:49","date_gmt":"2022-03-16T14:13:49","guid":{"rendered":"https:\/\/linitiative.ca\/International\/education-elbilia-simplante-a-bouskoura\/"},"modified":"2022-03-16T10:13:49","modified_gmt":"2022-03-16T14:13:49","slug":"education-elbilia-simplante-a-bouskoura","status":"publish","type":"post","link":"https:\/\/linitiative.ca\/International\/education-elbilia-simplante-a-bouskoura\/","title":{"rendered":"Education: Elbilia s\u2019implante \u00e0 Bouskoura"},"content":{"rendered":"<div>\n<div class=\"field field-name-body field-type-text-with-summary field-label-hidden\">\n<div class=\"field-items\">\n<div class=\"field-item even\" property=\"content:encoded\">\n<p class=\"rtejustify\">Le Groupe Elbilia poursuit son maillage territorial. Apr\u00e8s des \u00e9tablissements \u00e0 Casablanca, Rabat et Tanger, le r\u00e9seau scolaire s\u2019implante dans la ville de Bouskoura, avec l\u2019ouverture d\u2019un \u00e9tablissement lors de la prochaine rentr\u00e9e. Le Groupe capitalise ainsi sur ses \u00e9tablissements d\u00e9j\u00e0 lanc\u00e9s dans les autres villes.<\/p>\n<\/div>\n<\/div>\n<\/div>\n<\/div>\n<p>Auteur: hgueye<br \/>\n<a href=\"https:\/\/www.leconomiste.com\/flash-infos\/education-elbilia-s-implante-bouskoura\">Cliquez ici pour lire l&rsquo;article depuis sa source.<\/a><\/p>\n","protected":false},"excerpt":{"rendered":"<p>Le Groupe Elbilia poursuit son maillage territorial. Apr\u00e8s des \u00e9tablissements \u00e0 Casablanca, Rabat et Tanger, le r\u00e9seau scolaire s\u2019implante dans la ville de Bouskoura, avec l\u2019ouverture d\u2019un \u00e9tablissement lors de la prochaine rentr\u00e9e. Le Groupe capitalise ainsi sur ses \u00e9tablissements d\u00e9j\u00e0 lanc\u00e9s dans les autres villes. Auteur: hgueye Cliquez ici pour lire l&rsquo;article depuis sa [&hellip;]<\/p>\n","protected":false},"author":1763,"featured_media":0,"comment_status":"closed","ping_status":"closed","sticky":false,"template":"","format":"standard","meta":{"fifu_image_url":"","fifu_image_alt":"","footnotes":""},"categories":[78,54],"tags":[],"class_list":["post-143243","post","type-post","status-publish","format-standard","hentry","category-economie","category-maroc"],"_links":{"self":[{"href":"https:\/\/linitiative.ca\/International\/wp-json\/wp\/v2\/posts\/143243","targetHints":{"allow":["GET"]}}],"collection":[{"href":"https:\/\/linitiative.ca\/International\/wp-json\/wp\/v2\/posts"}],"about":[{"href":"https:\/\/linitiative.ca\/International\/wp-json\/wp\/v2\/types\/post"}],"author":[{"embeddable":true,"href":"https:\/\/linitiative.ca\/International\/wp-json\/wp\/v2\/users\/1763"}],"replies":[{"embeddable":true,"href":"https:\/\/linitiative.ca\/International\/wp-json\/wp\/v2\/comments?post=143243"}],"version-history":[{"count":0,"href":"https:\/\/linitiative.ca\/International\/wp-json\/wp\/v2\/posts\/143243\/revisions"}],"wp:attachment":[{"href":"https:\/\/linitiative.ca\/International\/wp-json\/wp\/v2\/media?parent=143243"}],"wp:term":[{"taxonomy":"category","embeddable":true,"href":"https:\/\/linitiative.ca\/International\/wp-json\/wp\/v2\/categories?post=143243"},{"taxonomy":"post_tag","embeddable":true,"href":"https:\/\/linitiative.ca\/International\/wp-json\/wp\/v2\/tags?post=143243"}],"curies":[{"name":"wp","href":"https:\/\/api.w.org\/{rel}","templated":true}]}}