{"id":143244,"date":"2022-03-16T10:31:33","date_gmt":"2022-03-16T14:31:33","guid":{"rendered":"https:\/\/linitiative.ca\/International\/israel-detecte-une-nouvelle-souche-du-covid-19\/"},"modified":"2022-03-16T10:31:33","modified_gmt":"2022-03-16T14:31:33","slug":"israel-detecte-une-nouvelle-souche-du-covid-19","status":"publish","type":"post","link":"https:\/\/linitiative.ca\/International\/israel-detecte-une-nouvelle-souche-du-covid-19\/","title":{"rendered":"Isra\u00ebl d\u00e9tecte une nouvelle souche du covid-19"},"content":{"rendered":"<div>\n<div class=\"field field-name-body field-type-text-with-summary field-label-hidden\">\n<div class=\"field-items\">\n<div class=\"field-item even\" property=\"content:encoded\">\n<p class=\"rtejustify\">Le minist\u00e8re isra\u00e9lien de la Sant\u00e9 a annonc\u00e9 mercredi la d\u00e9tection de deux cas de contamination \u00e0 une nouvelle souche du Covid-19, qui combine les sous-variants BA.1 et BA.2.<\/p>\n<\/div>\n<\/div>\n<\/div>\n<\/div>\n<p>Auteur: mbasraoui<br \/>\n<a href=\"https:\/\/www.leconomiste.com\/flash-infos\/israel-detecte-une-nouvelle-souche-du-covid-19\">Cliquez ici pour lire l&rsquo;article depuis sa source.<\/a><\/p>\n","protected":false},"excerpt":{"rendered":"<p>Le minist\u00e8re isra\u00e9lien de la Sant\u00e9 a annonc\u00e9 mercredi la d\u00e9tection de deux cas de contamination \u00e0 une nouvelle souche du Covid-19, qui combine les sous-variants BA.1 et BA.2. Auteur: mbasraoui Cliquez ici pour lire l&rsquo;article depuis sa source.<\/p>\n","protected":false},"author":1763,"featured_media":0,"comment_status":"closed","ping_status":"closed","sticky":false,"template":"","format":"standard","meta":{"fifu_image_url":"","fifu_image_alt":"","footnotes":""},"categories":[78,54],"tags":[],"class_list":["post-143244","post","type-post","status-publish","format-standard","hentry","category-economie","category-maroc"],"_links":{"self":[{"href":"https:\/\/linitiative.ca\/International\/wp-json\/wp\/v2\/posts\/143244","targetHints":{"allow":["GET"]}}],"collection":[{"href":"https:\/\/linitiative.ca\/International\/wp-json\/wp\/v2\/posts"}],"about":[{"href":"https:\/\/linitiative.ca\/International\/wp-json\/wp\/v2\/types\/post"}],"author":[{"embeddable":true,"href":"https:\/\/linitiative.ca\/International\/wp-json\/wp\/v2\/users\/1763"}],"replies":[{"embeddable":true,"href":"https:\/\/linitiative.ca\/International\/wp-json\/wp\/v2\/comments?post=143244"}],"version-history":[{"count":0,"href":"https:\/\/linitiative.ca\/International\/wp-json\/wp\/v2\/posts\/143244\/revisions"}],"wp:attachment":[{"href":"https:\/\/linitiative.ca\/International\/wp-json\/wp\/v2\/media?parent=143244"}],"wp:term":[{"taxonomy":"category","embeddable":true,"href":"https:\/\/linitiative.ca\/International\/wp-json\/wp\/v2\/categories?post=143244"},{"taxonomy":"post_tag","embeddable":true,"href":"https:\/\/linitiative.ca\/International\/wp-json\/wp\/v2\/tags?post=143244"}],"curies":[{"name":"wp","href":"https:\/\/api.w.org\/{rel}","templated":true}]}}