{"id":143245,"date":"2022-03-16T10:35:58","date_gmt":"2022-03-16T14:35:58","guid":{"rendered":"https:\/\/linitiative.ca\/International\/meknes-sidi-kacem-coupure-temporaire-de-la-circulation\/"},"modified":"2022-03-16T10:35:58","modified_gmt":"2022-03-16T14:35:58","slug":"meknes-sidi-kacem-coupure-temporaire-de-la-circulation","status":"publish","type":"post","link":"https:\/\/linitiative.ca\/International\/meknes-sidi-kacem-coupure-temporaire-de-la-circulation\/","title":{"rendered":"Mekn\u00e8s-Sidi Kacem: Coupure temporaire de la circulation"},"content":{"rendered":"<div>\n<div class=\"field field-name-body field-type-text-with-summary field-label-hidden\">\n<div class=\"field-items\">\n<div class=\"field-item even\" property=\"content:encoded\">\n<p><em>Photo d&rsquo;illustration<\/em><\/p>\n<p>Le minist\u00e8re de l\u2019\u00c9quipement et de l\u2019Eau annonce que la circulation sera coup\u00e9e du mercredi 16 mars au mardi 22 mars 2022 au niveau de la route r\u00e9gionale n\u00b0 413 sur le tron\u00e7on routier reliant Mekn\u00e8s \u00e0 Sidi Kacem, entre les points kilom\u00e9triques 73 et 97 et cela\u00a0dans le cadre des travaux d\u2019\u00e9largissement et de renforcement de ce tron\u00e7on.<\/p>\n<p>Cette coupure permettra la r\u00e9alisation des travaux de d\u00e9molition de l\u2019ouvrage d\u2019art de la voie ferr\u00e9e hors service au niveau du centre de Oued Erromane &#8211; commune Ain Kerma Oued Erromane.<\/p>\n<\/div>\n<\/div>\n<\/div>\n<\/div>\n<p>Auteur: mbasraoui<br \/>\n<a href=\"https:\/\/www.leconomiste.com\/flash-infos\/meknes-sidi-kacem-coupure-temporaire-de-la-circulation\">Cliquez ici pour lire l&rsquo;article depuis sa source.<\/a><\/p>\n","protected":false},"excerpt":{"rendered":"<p>Photo d&rsquo;illustration Le minist\u00e8re de l\u2019\u00c9quipement et de l\u2019Eau annonce que la circulation sera coup\u00e9e du mercredi 16 mars au mardi 22 mars 2022 au niveau de la route r\u00e9gionale n\u00b0 413 sur le tron\u00e7on routier reliant Mekn\u00e8s \u00e0 Sidi Kacem, entre les points kilom\u00e9triques 73 et 97 et cela\u00a0dans le cadre des travaux d\u2019\u00e9largissement [&hellip;]<\/p>\n","protected":false},"author":1763,"featured_media":0,"comment_status":"closed","ping_status":"closed","sticky":false,"template":"","format":"standard","meta":{"fifu_image_url":"","fifu_image_alt":"","footnotes":""},"categories":[78,54],"tags":[],"class_list":["post-143245","post","type-post","status-publish","format-standard","hentry","category-economie","category-maroc"],"_links":{"self":[{"href":"https:\/\/linitiative.ca\/International\/wp-json\/wp\/v2\/posts\/143245","targetHints":{"allow":["GET"]}}],"collection":[{"href":"https:\/\/linitiative.ca\/International\/wp-json\/wp\/v2\/posts"}],"about":[{"href":"https:\/\/linitiative.ca\/International\/wp-json\/wp\/v2\/types\/post"}],"author":[{"embeddable":true,"href":"https:\/\/linitiative.ca\/International\/wp-json\/wp\/v2\/users\/1763"}],"replies":[{"embeddable":true,"href":"https:\/\/linitiative.ca\/International\/wp-json\/wp\/v2\/comments?post=143245"}],"version-history":[{"count":0,"href":"https:\/\/linitiative.ca\/International\/wp-json\/wp\/v2\/posts\/143245\/revisions"}],"wp:attachment":[{"href":"https:\/\/linitiative.ca\/International\/wp-json\/wp\/v2\/media?parent=143245"}],"wp:term":[{"taxonomy":"category","embeddable":true,"href":"https:\/\/linitiative.ca\/International\/wp-json\/wp\/v2\/categories?post=143245"},{"taxonomy":"post_tag","embeddable":true,"href":"https:\/\/linitiative.ca\/International\/wp-json\/wp\/v2\/tags?post=143245"}],"curies":[{"name":"wp","href":"https:\/\/api.w.org\/{rel}","templated":true}]}}